{"id":158732,"date":"2025-11-20T11:42:08","date_gmt":"2025-11-20T11:42:08","guid":{"rendered":"https:\/\/www.europesays.com\/pt\/158732\/"},"modified":"2025-11-20T11:42:08","modified_gmt":"2025-11-20T11:42:08","slug":"pelas-ruas-de-londres-estreia-no-nos-almada-forum-a-27-de-novembro","status":"publish","type":"post","link":"https:\/\/www.europesays.com\/pt\/158732\/","title":{"rendered":"\u201cPelas Ruas de Londres\u201d estreia no NOS Almada F\u00f3rum a 27 de novembro"},"content":{"rendered":"<p>O filme Urchin \u2013 Pelas Ruas de Londres, realizado pelo ator brit\u00e2nico Harris Dickinson, estreia em Portugal no pr\u00f3ximo dia <strong>27 de novembro<\/strong>, com exibi\u00e7\u00e3o confirmada no <strong>NOS Almada F\u00f3rum<\/strong>, entre outras salas do pa\u00eds. A distribui\u00e7\u00e3o est\u00e1 a cargo da <strong>No Comboio<\/strong>, que apresentou o filme em antestreia nacional no <strong>LEFFEST \u2013 Lisboa Film Festival<\/strong>, sess\u00e3o que contou com a presen\u00e7a do ator galardoado <strong>Frank Dillane<\/strong>.<\/p>\n<p>A obra teve <strong>estreia mundial na sec\u00e7\u00e3o Un Certain Regard do Festival de Cannes<\/strong>, onde foi distinguida com dois pr\u00e9mios: <strong>Melhor Ator<\/strong> e <strong>Pr\u00e9mio FIPRESCI para Melhor Filme<\/strong>. Desde ent\u00e3o, soma <strong>seis nomea\u00e7\u00f5es nos British Independent Film Awards (BIFA)<\/strong> e <strong>uma nomea\u00e7\u00e3o nos Gotham Awards<\/strong>, seguindo um percurso internacional marcado por cr\u00edticas muito positivas.<\/p>\n<p>Urchin \u2013 Pelas Ruas de Londres acompanha <strong>Mike<\/strong>, um jovem que tenta reconstruir a vida ap\u00f3s epis\u00f3dios de sem-abrigo e passagem pelo sistema prisional, preso num ciclo de autodestrui\u00e7\u00e3o e dificuldades impostas por um sistema social impiedoso. O protagonista ganha vida atrav\u00e9s de <strong>Frank Dillane<\/strong>, conhecido de produ\u00e7\u00f5es como Harry Potter e o Pr\u00edncipe Misterioso, Fear the Walking Dead e Nell, a Renegada.<\/p>\n<p>Harris Dickinson, que se estreia na realiza\u00e7\u00e3o de longas-metragens ap\u00f3s uma carreira consolidada como ator, explica que o filme nasce de uma forte liga\u00e7\u00e3o pessoal \u00e0 realidade que retrata. \u00abQueria contar a hist\u00f3ria de um jovem da minha zona, falar sobre depend\u00eancia, pessoas em situa\u00e7\u00e3o de sem-abrigo e trauma. S\u00e3o temas duros, mas tamb\u00e9m quis incluir com\u00e9dia, porque muitas vezes o humor cresce das grandes trag\u00e9dias\u00bb, afirma o realizador.<\/p>\n<p>O filme contou com equipa de produ\u00e7\u00e3o e parceiros de peso como <strong>Devisio Pictures, Somesuch, BBC Film, BFI<\/strong> e <strong>Tricky Knot<\/strong>, e foi selecionado para festivais prestigiados como Telluride, San Sebasti\u00e1n, Melbourne, S\u00e3o Paulo e New Horizons, entre outros.<\/p>\n<p>Al\u00e9m de Almada, Urchin ser\u00e1 exibido em salas de <strong>Lisboa, Porto e Coimbra<\/strong>, com outras cidades a anunciar em breve.<\/p>\n<p>A distribuidora <strong>No Comboio<\/strong>, respons\u00e1vel por trazer a longa-metragem ao pa\u00eds, refor\u00e7a a sua aposta em cinema independente e diversificado, com especial aten\u00e7\u00e3o a novos olhares e cinematografias emergentes. Nos \u00faltimos anos, distribuiu obras como A Metamorfose dos P\u00e1ssaros, Crossing \u2013 A Travessia, A Savana e a Montanha ou As Aventuras de uma Viajante na Coreia do Sul.<\/p>\n<p>Urchin \u2013 Pelas Ruas de Londres estreia <strong>a 27 de novembro<\/strong>, exclusivamente nos cinemas.<\/p>\n","protected":false},"excerpt":{"rendered":"O filme Urchin \u2013 Pelas Ruas de Londres, realizado pelo ator brit\u00e2nico Harris Dickinson, estreia em Portugal no&hellip;\n","protected":false},"author":2,"featured_media":158733,"comment_status":"","ping_status":"","sticky":false,"template":"","format":"standard","meta":{"footnotes":""},"categories":[140],"tags":[114,115,147,148,146,32,33],"class_list":{"0":"post-158732","1":"post","2":"type-post","3":"status-publish","4":"format-standard","5":"has-post-thumbnail","7":"category-filmes","8":"tag-entertainment","9":"tag-entretenimento","10":"tag-film","11":"tag-filmes","12":"tag-movies","13":"tag-portugal","14":"tag-pt"},"share_on_mastodon":{"url":"https:\/\/pubeurope.com\/@pt\/115581848634649422","error":""},"_links":{"self":[{"href":"https:\/\/www.europesays.com\/pt\/wp-json\/wp\/v2\/posts\/158732","targetHints":{"allow":["GET"]}}],"collection":[{"href":"https:\/\/www.europesays.com\/pt\/wp-json\/wp\/v2\/posts"}],"about":[{"href":"https:\/\/www.europesays.com\/pt\/wp-json\/wp\/v2\/types\/post"}],"author":[{"embeddable":true,"href":"https:\/\/www.europesays.com\/pt\/wp-json\/wp\/v2\/users\/2"}],"replies":[{"embeddable":true,"href":"https:\/\/www.europesays.com\/pt\/wp-json\/wp\/v2\/comments?post=158732"}],"version-history":[{"count":0,"href":"https:\/\/www.europesays.com\/pt\/wp-json\/wp\/v2\/posts\/158732\/revisions"}],"wp:featuredmedia":[{"embeddable":true,"href":"https:\/\/www.europesays.com\/pt\/wp-json\/wp\/v2\/media\/158733"}],"wp:attachment":[{"href":"https:\/\/www.europesays.com\/pt\/wp-json\/wp\/v2\/media?parent=158732"}],"wp:term":[{"taxonomy":"category","embeddable":true,"href":"https:\/\/www.europesays.com\/pt\/wp-json\/wp\/v2\/categories?post=158732"},{"taxonomy":"post_tag","embeddable":true,"href":"https:\/\/www.europesays.com\/pt\/wp-json\/wp\/v2\/tags?post=158732"}],"curies":[{"name":"wp","href":"https:\/\/api.w.org\/{rel}","templated":true}]}}