{"id":158736,"date":"2025-11-20T11:47:26","date_gmt":"2025-11-20T11:47:26","guid":{"rendered":"https:\/\/www.europesays.com\/pt\/158736\/"},"modified":"2025-11-20T11:47:26","modified_gmt":"2025-11-20T11:47:26","slug":"com-o-frio-a-instalar-se-como-usar-o-ar-condicionado-sem-pesar-tanto-carteira","status":"publish","type":"post","link":"https:\/\/www.europesays.com\/pt\/158736\/","title":{"rendered":"Com o frio a instalar-se, como usar o ar condicionado sem pesar tanto carteira"},"content":{"rendered":"<p><strong>Acompanhe toda a atualidade informativa em\u00a0<a href=\"http:\/\/24noticias.sapo.pt\/\" rel=\"nofollow noopener\" target=\"_blank\">24noticias.sapo.pt<\/a><\/strong><\/p>\n<p>A organiza\u00e7\u00e3o de defesa do consumidor destaca que a efici\u00eancia come\u00e7a ainda antes da utiliza\u00e7\u00e3o do aparelho. De acordo com a<a href=\"https:\/\/www.deco.proteste.pt\/eletrodomesticos\/ar-condicionado\/dicas\/como-limpar-fazer-manutencao-ar-condicionado\" rel=\"nofollow noopener\" target=\"_blank\"> DECO PROteste,<\/a> a escolha de um equipamento adequado \u00e0 dimens\u00e3o da divis\u00e3o e a instala\u00e7\u00e3o correta s\u00e3o fatores determinantes para um consumo equilibrado. O isolamento t\u00e9rmico da casa, sobretudo em portas e janelas, \u00e9 apontado como uma das principais formas de reduzir a carga de trabalho dos sistemas de climatiza\u00e7\u00e3o.<\/p>\n<p>A entidade sublinha tamb\u00e9m a import\u00e2ncia de instalar a unidade exterior do ar condicionado numa zona sombreada e ventilada, de forma a evitar um funcionamento mais intenso devido ao calor acumulado. A manuten\u00e7\u00e3o regular \u00e9 igualmente considerada essencial. Os filtros devem ser limpos pelo menos duas vezes por ano, na primavera e no outono, para garantir o desempenho ideal do equipamento.<\/p>\n<p>Entre as medidas sugeridas est\u00e1 ainda a utiliza\u00e7\u00e3o de modelos inteligentes, que permitem controlo remoto e gest\u00e3o mais eficiente dos per\u00edodos de funcionamento. Al\u00e9m disso, a climatiza\u00e7\u00e3o deve incidir apenas nas divis\u00f5es ocupadas, mantendo as portas fechadas para concentrar o fluxo de ar.<\/p>\n<p>Durante o inverno, a entrada de luz solar contribui naturalmente para o aquecimento das divis\u00f5es, reduzindo a necessidade de esfor\u00e7o adicional por parte do ar condicionado. A entidade destaca tamb\u00e9m a relev\u00e2ncia da humidade: em algumas situa\u00e7\u00f5es, \u00e9 o excesso de humidade, e n\u00e3o a temperatura, que provoca desconforto. O modo de desumidifica\u00e7\u00e3o pode, assim, melhorar o ambiente interior e reduzir o consumo energ\u00e9tico.<\/p>\n<p><strong>F\u00f3rmula para calcular o custo energ\u00e9tico<\/strong><\/p>\n<p>A capacidade de aquecimento ou arrefecimento dos aparelhos \u00e9 geralmente expressa em quilowatts (kW) ou em BTU\/h (british thermal units). A convers\u00e3o de BTU\/h para kW faz-se multiplicando o valor por 0,293 e dividindo por 1000.<\/p>\n<p>O c\u00e1lculo do consumo energ\u00e9tico di\u00e1rio baseia-se na f\u00f3rmula:<\/p>\n<p>Pot\u00eancia (W) \u00d7 horas de utiliza\u00e7\u00e3o = consumo em watt-horas (Wh)<\/p>\n<p>Convertendo-se em seguida para quilowatts por hora (kWh), unidade utilizada nas faturas de eletricidade. Para fazer isso \u00e9 necess\u00e1rio dividir o resultado por 1000 para converter de watt-horas para kWh.<\/p>\n<p>Exemplo: um equipamento de 1000 W (1kW) utilizado durante 5 horas por dia consome 5 kWh. Com um custo m\u00e9dio de 0,20 \u20ac por kWh, o gasto di\u00e1rio ascende a 1 euro.<\/p>\n<p>__<\/p>\n<p><b>A sua newsletter de sempre, agora ainda mais \u00fatil<\/b><\/p>\n<p>Com o lan\u00e7amento da nova marca de informa\u00e7\u00e3o\u00a0<b>24not\u00edcias<\/b>, estamos a mudar a plataforma de newsletters, aproveitando para refor\u00e7ar a informa\u00e7\u00e3o que os leitores mais valorizam:\u00a0<b>a que lhes \u00e9 \u00fatil, ajuda a tomar decis\u00f5es e a entender o mundo.<\/b><\/p>\n<p><b>Assine a nova newsletter do 24not\u00edcias\u00a0<\/b><a href=\"https:\/\/sapo.us1.list-manage.com\/subscribe?u=8f49263740b14ab5854be8045&amp;id=57a39c5e8f\" rel=\"nofollow noopener\" target=\"_blank\"><b>aqui<\/b><\/a><b>.<\/b><\/p>\n","protected":false},"excerpt":{"rendered":"Acompanhe toda a atualidade informativa em\u00a024noticias.sapo.pt A organiza\u00e7\u00e3o de defesa do consumidor destaca que a efici\u00eancia come\u00e7a ainda&hellip;\n","protected":false},"author":2,"featured_media":158737,"comment_status":"","ping_status":"","sticky":false,"template":"","format":"standard","meta":{"footnotes":""},"categories":[83],"tags":[88,89,90,32,33],"class_list":{"0":"post-158736","1":"post","2":"type-post","3":"status-publish","4":"format-standard","5":"has-post-thumbnail","7":"category-empresas","8":"tag-business","9":"tag-economy","10":"tag-empresas","11":"tag-portugal","12":"tag-pt"},"share_on_mastodon":{"url":"https:\/\/pubeurope.com\/@pt\/115581867972947551","error":""},"_links":{"self":[{"href":"https:\/\/www.europesays.com\/pt\/wp-json\/wp\/v2\/posts\/158736","targetHints":{"allow":["GET"]}}],"collection":[{"href":"https:\/\/www.europesays.com\/pt\/wp-json\/wp\/v2\/posts"}],"about":[{"href":"https:\/\/www.europesays.com\/pt\/wp-json\/wp\/v2\/types\/post"}],"author":[{"embeddable":true,"href":"https:\/\/www.europesays.com\/pt\/wp-json\/wp\/v2\/users\/2"}],"replies":[{"embeddable":true,"href":"https:\/\/www.europesays.com\/pt\/wp-json\/wp\/v2\/comments?post=158736"}],"version-history":[{"count":0,"href":"https:\/\/www.europesays.com\/pt\/wp-json\/wp\/v2\/posts\/158736\/revisions"}],"wp:featuredmedia":[{"embeddable":true,"href":"https:\/\/www.europesays.com\/pt\/wp-json\/wp\/v2\/media\/158737"}],"wp:attachment":[{"href":"https:\/\/www.europesays.com\/pt\/wp-json\/wp\/v2\/media?parent=158736"}],"wp:term":[{"taxonomy":"category","embeddable":true,"href":"https:\/\/www.europesays.com\/pt\/wp-json\/wp\/v2\/categories?post=158736"},{"taxonomy":"post_tag","embeddable":true,"href":"https:\/\/www.europesays.com\/pt\/wp-json\/wp\/v2\/tags?post=158736"}],"curies":[{"name":"wp","href":"https:\/\/api.w.org\/{rel}","templated":true}]}}