{"id":158738,"date":"2025-11-20T11:49:10","date_gmt":"2025-11-20T11:49:10","guid":{"rendered":"https:\/\/www.europesays.com\/pt\/158738\/"},"modified":"2025-11-20T11:49:10","modified_gmt":"2025-11-20T11:49:10","slug":"henrique-de-freitas-sai-do-chega-funcao-presidencial-esta-a-ser-espezinhada-diz-eleicoes-presidenciais","status":"publish","type":"post","link":"https:\/\/www.europesays.com\/pt\/158738\/","title":{"rendered":"Henrique de Freitas sai do Chega. Fun\u00e7\u00e3o presidencial est\u00e1 a ser \u201cespezinhada\u201d, diz | Elei\u00e7\u00f5es presidenciais"},"content":{"rendered":"<p>O ex-deputado do Chega Henrique de Freitas pediu a desfilia\u00e7\u00e3o do partido por considerar que a dignidade da fun\u00e7\u00e3o presidencial est\u00e1 a ser espezinhada e por considerar que a direc\u00e7\u00e3o nacional responde a quest\u00f5es complexas com &#8220;cartazes prim\u00e1rios&#8221;.<\/p>\n<p>&#8220;Com &#8220;conversas da treta&#8221; estamos a transformar em &#8220;bandalheira&#8221; a mais nobre elei\u00e7\u00e3o em Portugal. \u00c9 muito triste este afrontar das institui\u00e7\u00f5es&#8221;, sustenta Henrique de Freitas numa carta enviada ao presidente da Mesa Nacional do <a href=\"https:\/\/www.publico.pt\/2025\/11\/19\/politica\/noticia\/chega-afunda-fica-20-pontos-ad-10-ps-livre-ultrapassa-il-2155211\" rel=\"nofollow noopener\" target=\"_blank\">Chega<\/a>, Jo\u00e3o Lopes Aleixo, a que a ag\u00eancia Lusa teve acesso.<\/p>\n<p>Na missiva, o ex-secret\u00e1rio de Estado do Governo PSD-CDS de Dur\u00e3o Barroso, que aderiu ao <a href=\"https:\/\/www.publico.pt\/2025\/09\/22\/politica\/noticia\/deputado-chega-mitha-ribeiro-renuncia-mandato-2148084\" rel=\"nofollow noopener\" target=\"_blank\">Chega <\/a>em 2024, considera que &#8220;Bel\u00e9m Primeiro&#8221; deveria ser o lema da candidatura de Andr\u00e9 Ventura &#8220;para que se afastasse a ideia j\u00e1 estabelecida de um &#8220;S\u00e3o Bento depois&#8221;&#8221;, numa alus\u00e3o impl\u00edcita.<\/p>\n<p>&#8220;N\u00e3o, n\u00e3o aderi ao Chega para ver espezinhada a dignidade da fun\u00e7\u00e3o presidencial&#8221;, escreve o antigo deputado do PSD e do Chega, pedindo a desfilia\u00e7\u00e3o do partido, de que \u00e9 o militante 53209.<\/p>\n","protected":false},"excerpt":{"rendered":"O ex-deputado do Chega Henrique de Freitas pediu a desfilia\u00e7\u00e3o do partido por considerar que a dignidade da&hellip;\n","protected":false},"author":2,"featured_media":158739,"comment_status":"","ping_status":"","sticky":false,"template":"","format":"standard","meta":{"footnotes":""},"categories":[10],"tags":[3386,27,28,1736,1705,15,16,14,25,26,21,22,12,13,19,20,2260,52,32,1963,23,24,4579,33,17,18,29,30,31],"class_list":{"0":"post-158738","1":"post","2":"type-post","3":"status-publish","4":"format-standard","5":"has-post-thumbnail","7":"category-portugal","8":"tag-andre-ventura","9":"tag-breaking-news","10":"tag-breakingnews","11":"tag-chega","12":"tag-eleicoes-presidenciais","13":"tag-featured-news","14":"tag-featurednews","15":"tag-headlines","16":"tag-latest-news","17":"tag-latestnews","18":"tag-main-news","19":"tag-mainnews","20":"tag-news","21":"tag-noticias","22":"tag-noticias-principais","23":"tag-noticiasprincipais","24":"tag-partidos-politicos","25":"tag-politica","26":"tag-portugal","27":"tag-presidente-da-republica","28":"tag-principais-noticias","29":"tag-principaisnoticias","30":"tag-psd","31":"tag-pt","32":"tag-top-stories","33":"tag-topstories","34":"tag-ultimas","35":"tag-ultimas-noticias","36":"tag-ultimasnoticias"},"share_on_mastodon":{"url":"","error":"Validation failed: Text character limit of 500 exceeded"},"_links":{"self":[{"href":"https:\/\/www.europesays.com\/pt\/wp-json\/wp\/v2\/posts\/158738","targetHints":{"allow":["GET"]}}],"collection":[{"href":"https:\/\/www.europesays.com\/pt\/wp-json\/wp\/v2\/posts"}],"about":[{"href":"https:\/\/www.europesays.com\/pt\/wp-json\/wp\/v2\/types\/post"}],"author":[{"embeddable":true,"href":"https:\/\/www.europesays.com\/pt\/wp-json\/wp\/v2\/users\/2"}],"replies":[{"embeddable":true,"href":"https:\/\/www.europesays.com\/pt\/wp-json\/wp\/v2\/comments?post=158738"}],"version-history":[{"count":0,"href":"https:\/\/www.europesays.com\/pt\/wp-json\/wp\/v2\/posts\/158738\/revisions"}],"wp:featuredmedia":[{"embeddable":true,"href":"https:\/\/www.europesays.com\/pt\/wp-json\/wp\/v2\/media\/158739"}],"wp:attachment":[{"href":"https:\/\/www.europesays.com\/pt\/wp-json\/wp\/v2\/media?parent=158738"}],"wp:term":[{"taxonomy":"category","embeddable":true,"href":"https:\/\/www.europesays.com\/pt\/wp-json\/wp\/v2\/categories?post=158738"},{"taxonomy":"post_tag","embeddable":true,"href":"https:\/\/www.europesays.com\/pt\/wp-json\/wp\/v2\/tags?post=158738"}],"curies":[{"name":"wp","href":"https:\/\/api.w.org\/{rel}","templated":true}]}}