{"id":158742,"date":"2025-11-20T11:54:45","date_gmt":"2025-11-20T11:54:45","guid":{"rendered":"https:\/\/www.europesays.com\/pt\/158742\/"},"modified":"2025-11-20T11:54:45","modified_gmt":"2025-11-20T11:54:45","slug":"francisco-monteiro-afastado-temporariamente-dos-programas-da-casa-dos-segredos-sem-saber-que","status":"publish","type":"post","link":"https:\/\/www.europesays.com\/pt\/158742\/","title":{"rendered":"Francisco Monteiro &#8211; Afastado (temporariamente) dos programas da Casa dos Segredos: \u201cSem saber que&#8230;\u201d"},"content":{"rendered":"<p><strong>Francisco Monteiro<\/strong> preocupou os seus seguidores ao revelar esta ter\u00e7a-feira, 18 de novembro, que <strong>n\u00e3o vai estar a comentar nos pr\u00f3ximos programas da Casa dos Segredos<\/strong>.<\/p>\n<p>O comentador recorreu aos stories do Instagram para contar que sofreu uma queda inesperada\u2026 e bastante dolorosa.<\/p>\n<p><strong>\u201cHoje, a correr atr\u00e1s do Martim (sem saber que o ch\u00e3o estava escorregadio), protagonizei uma queda daquelas\u201d<\/strong>, come\u00e7ou por escrever, mas o epis\u00f3dio acabou por ser mais s\u00e9rio do que parecia.<\/p>\n<blockquote>\n<p><strong>Leia tamb\u00e9m: Francisco Monteiro <\/strong><a href=\"https:\/\/www.novagente.pt\/francisco-monteiro-vai-voltar-entrar-na-casa-mais-vigiada-do-pais-nao-conseguiria-dizer-que-nao\" rel=\"nofollow noopener\" target=\"_blank\">vai voltar a entrar na casa mais vigiada do pa\u00eds? &#8220;N\u00e3o conseguiria dizer que n\u00e3o&#8230;&#8221;<\/a><\/p>\n<\/blockquote>\n<p><strong>\u201cConsegui partir um vaso daqueles gigantescos, deitar a planta a baixo e lesionar ambas as pernas e a m\u00e3o esquerda\u201d<\/strong>, detalhou, mostrando que o susto n\u00e3o ficou apenas pelos estragos mobili\u00e1rios.<\/p>\n<p>As les\u00f5es obrigaram ent\u00e3o o namorado de <strong>B\u00e1rbara Parada<\/strong> a ausentar-se dos programas da <strong>TVI<\/strong>: \u201cIsto quer dizer que amanh\u00e3 e quinta n\u00e3o poder\u00e3o, com muita pena minha, contar com a minha presen\u00e7a no Extra e no Di\u00e1rio e \u00daltima Hora\u201d.<\/p>\n<p>\u00a0<\/p>\n<p>Texto: Carolina Charrua; Fotos: Redes sociais e Impala<\/p>\n<p class=\"intagram-text\">Siga a Nova Gente no Instagram<\/p>\n<p>                        <a href=\"https:\/\/www.instagram.com\/revistanovagente\/\" target=\"_blank\" aria-label=\"instagram\" rel=\"noopener nofollow\"><img decoding=\"async\" style=\"display: block; margin-left: auto; margin-right: auto; width: 250px; height: 83px;\" src=\"https:\/\/www.europesays.com\/pt\/wp-content\/uploads\/2025\/11\/Instagram_NG.png\" alt=\"instagram\"\/><\/a><br \/>\n                    <script async src=\"\/\/www.instagram.com\/embed.js\"><\/script><\/p>\n","protected":false},"excerpt":{"rendered":"Francisco Monteiro preocupou os seus seguidores ao revelar esta ter\u00e7a-feira, 18 de novembro, que n\u00e3o vai estar a&hellip;\n","protected":false},"author":2,"featured_media":158743,"comment_status":"","ping_status":"","sticky":false,"template":"","format":"standard","meta":{"footnotes":""},"categories":[142],"tags":[59,2151,2632,114,115,2071,32,33,9414,1315,151,162],"class_list":{"0":"post-158742","1":"post","2":"type-post","3":"status-publish","4":"format-standard","5":"has-post-thumbnail","7":"category-tv","8":"tag-acidente","9":"tag-barbara-parada","10":"tag-casa-dos-segredos","11":"tag-entertainment","12":"tag-entretenimento","13":"tag-francisco-monteiro","14":"tag-portugal","15":"tag-pt","16":"tag-queda","17":"tag-secret-story","18":"tag-tv","19":"tag-tvi"},"share_on_mastodon":{"url":"https:\/\/pubeurope.com\/@pt\/115581895887083057","error":""},"_links":{"self":[{"href":"https:\/\/www.europesays.com\/pt\/wp-json\/wp\/v2\/posts\/158742","targetHints":{"allow":["GET"]}}],"collection":[{"href":"https:\/\/www.europesays.com\/pt\/wp-json\/wp\/v2\/posts"}],"about":[{"href":"https:\/\/www.europesays.com\/pt\/wp-json\/wp\/v2\/types\/post"}],"author":[{"embeddable":true,"href":"https:\/\/www.europesays.com\/pt\/wp-json\/wp\/v2\/users\/2"}],"replies":[{"embeddable":true,"href":"https:\/\/www.europesays.com\/pt\/wp-json\/wp\/v2\/comments?post=158742"}],"version-history":[{"count":0,"href":"https:\/\/www.europesays.com\/pt\/wp-json\/wp\/v2\/posts\/158742\/revisions"}],"wp:featuredmedia":[{"embeddable":true,"href":"https:\/\/www.europesays.com\/pt\/wp-json\/wp\/v2\/media\/158743"}],"wp:attachment":[{"href":"https:\/\/www.europesays.com\/pt\/wp-json\/wp\/v2\/media?parent=158742"}],"wp:term":[{"taxonomy":"category","embeddable":true,"href":"https:\/\/www.europesays.com\/pt\/wp-json\/wp\/v2\/categories?post=158742"},{"taxonomy":"post_tag","embeddable":true,"href":"https:\/\/www.europesays.com\/pt\/wp-json\/wp\/v2\/tags?post=158742"}],"curies":[{"name":"wp","href":"https:\/\/api.w.org\/{rel}","templated":true}]}}