{"id":158746,"date":"2025-11-20T11:56:09","date_gmt":"2025-11-20T11:56:09","guid":{"rendered":"https:\/\/www.europesays.com\/pt\/158746\/"},"modified":"2025-11-20T11:56:09","modified_gmt":"2025-11-20T11:56:09","slug":"tres-filmes-para-ver-esta-semana-observador-8","status":"publish","type":"post","link":"https:\/\/www.europesays.com\/pt\/158746\/","title":{"rendered":"Tr\u00eas filmes para ver esta semana \u2013 Observador"},"content":{"rendered":"<p>Keanu Reeves \u00e9 Gabriel, o anjo do t\u00edtulo desta com\u00e9dia sobrenatural, embora um anjo com uma posi\u00e7\u00e3o muito baixa na hierarquia celeste. Tem asas t\u00e3o pequenas que n\u00e3o consegue voar, e como fun\u00e7\u00f5es, evitar que os condutores que escrevem ao telem\u00f3vel enquanto est\u00e3o ao volante tenham acidentes. Certo dia, Gabriel fura as regras e ajuda um pobre diabo, Arj (Aziz Ansari, tamb\u00e9m argumentista e realizador estreante desta fita), que vive de biscates e dorme no carro, fazendo-o trocar de vida com Jeff (Seth Rogen), o seu rico ex-patr\u00e3o. Ansari foi, descaradamente, buscar ideias a filmes como Do C\u00e9u Caiu uma Estrela, As Asas do Desejo\u00a0ou Os Ricos e os Pobres, mas tirando a moralzinha final, e com uma ajuda de Reeves no anjo ing\u00e9nuo e viciado em fast food, O Anjo da Sorte at\u00e9 tem alguma gra\u00e7a, sobretudo quando p\u00f5e a s\u00e1tira \u00e0 frente das piedades sociais.<\/p>\n<p>Depois dos curiosos, embora desiguais, O Coleccionador de Almas (2024) e O Macaco (2025), este baseado num conto de Stephen King, o ator e realizador Osgood Perkins reincide no terror com Keeper: Para Sempre, que se passa num cen\u00e1rio cl\u00e1ssico do g\u00e9nero: uma cabana isolada nos bosques, embora neste caso uma cabana modernista e muito confort\u00e1vel. \u00c9 para l\u00e1 que se dirigem Liz, uma pintora, e Malcom, o seu namorado, um m\u00e9dico, com a inten\u00e7\u00e3o de celebrarem um anivers\u00e1rio rom\u00e2ntico. S\u00f3 que aparecem tamb\u00e9m, inesperadamente, o primo daquele e a sua namorada, uma modelo estrangeira que n\u00e3o fala uma palavra de ingl\u00eas, estragando o fim-de-semana ao casal. E quando Malcom tem que se ausentar de s\u00fabito, deixando Liz na companhia dos dois intrometidos, come\u00e7am a acontecer coisas estranhas e inexplic\u00e1veis.<\/p>\n<p>Jon M. Chu volta a assinar esta continua\u00e7\u00e3o de Wicked, baseada no musical da Broadway que por sua vez adapta o livro de Gregory Maguire, Wicked: The Life and Times of the Wicked Witch of the West, de 1995, uma vers\u00e3o revisionista e iconoclasta de O Feiticeiro de Oz, contada do ponto de vista de Elphaba, a Bruxa M\u00e1 do Oeste, que aqui \u00e9 boazinha e v\u00edtima da intoler\u00e2ncia. Agora refugiada na floresta, Elphaba continua a combater pela liberdade dos animais de Oz que est\u00e3o a ser silenciados, enquanto procura revelar \u00e0 popula\u00e7\u00e3o a verdade sobre ditatorial Feiticeiro. Agora a bruxa boa protectora de Oz, Glinda continua a estimar a sua amizade dos tempos da universidade com Elphaba, e quer ser mediadora entre ela e o Feiticeiro.<a href=\"https:\/\/observador.pt\/?p=7801698&amp;preview=true\" target=\"_blank\" rel=\"noopener nofollow\"> Wicked: Pelo Bem foi escolhido como filme da semana pelo Observador e pode ler a cr\u00edtica aqui<\/a>.<\/p>\n","protected":false},"excerpt":{"rendered":"Keanu Reeves \u00e9 Gabriel, o anjo do t\u00edtulo desta com\u00e9dia sobrenatural, embora um anjo com uma posi\u00e7\u00e3o muito&hellip;\n","protected":false},"author":2,"featured_media":158747,"comment_status":"","ping_status":"","sticky":false,"template":"","format":"standard","meta":{"footnotes":""},"categories":[140],"tags":[470,315,114,115,1042,147,148,146,32,33],"class_list":{"0":"post-158746","1":"post","2":"type-post","3":"status-publish","4":"format-standard","5":"has-post-thumbnail","7":"category-filmes","8":"tag-cinema","9":"tag-cultura","10":"tag-entertainment","11":"tag-entretenimento","12":"tag-estreias","13":"tag-film","14":"tag-filmes","15":"tag-movies","16":"tag-portugal","17":"tag-pt"},"share_on_mastodon":{"url":"https:\/\/pubeurope.com\/@pt\/115581903458983342","error":""},"_links":{"self":[{"href":"https:\/\/www.europesays.com\/pt\/wp-json\/wp\/v2\/posts\/158746","targetHints":{"allow":["GET"]}}],"collection":[{"href":"https:\/\/www.europesays.com\/pt\/wp-json\/wp\/v2\/posts"}],"about":[{"href":"https:\/\/www.europesays.com\/pt\/wp-json\/wp\/v2\/types\/post"}],"author":[{"embeddable":true,"href":"https:\/\/www.europesays.com\/pt\/wp-json\/wp\/v2\/users\/2"}],"replies":[{"embeddable":true,"href":"https:\/\/www.europesays.com\/pt\/wp-json\/wp\/v2\/comments?post=158746"}],"version-history":[{"count":0,"href":"https:\/\/www.europesays.com\/pt\/wp-json\/wp\/v2\/posts\/158746\/revisions"}],"wp:featuredmedia":[{"embeddable":true,"href":"https:\/\/www.europesays.com\/pt\/wp-json\/wp\/v2\/media\/158747"}],"wp:attachment":[{"href":"https:\/\/www.europesays.com\/pt\/wp-json\/wp\/v2\/media?parent=158746"}],"wp:term":[{"taxonomy":"category","embeddable":true,"href":"https:\/\/www.europesays.com\/pt\/wp-json\/wp\/v2\/categories?post=158746"},{"taxonomy":"post_tag","embeddable":true,"href":"https:\/\/www.europesays.com\/pt\/wp-json\/wp\/v2\/tags?post=158746"}],"curies":[{"name":"wp","href":"https:\/\/api.w.org\/{rel}","templated":true}]}}