{"id":158748,"date":"2025-11-20T11:57:09","date_gmt":"2025-11-20T11:57:09","guid":{"rendered":"https:\/\/www.europesays.com\/pt\/158748\/"},"modified":"2025-11-20T11:57:09","modified_gmt":"2025-11-20T11:57:09","slug":"sou-diferente-de-mourinho-trabalho-com-confianca-nao-em-conflito","status":"publish","type":"post","link":"https:\/\/www.europesays.com\/pt\/158748\/","title":{"rendered":"\u00abSou diferente de Mourinho. Trabalho com confian\u00e7a, n\u00e3o em conflito\u00bb"},"content":{"rendered":"<p style=\"margin-bottom:11px\">Domenico Tedesco, que sucedeu a Jos\u00e9 Mourinho no comando t\u00e9cnico do Fenerbah\u00e7e,\u00a0fez quest\u00e3o de sublinhar que \u00e9 muito diferente do atual treinador do Benfica.<\/p>\n<p style=\"margin-bottom:11px\">\u00abTenho um grande respeito por Mourinho. Mas eu sou de um estilo diferente. Tenho uma comunica\u00e7\u00e3o mais calma e introvertida. Prefiro trabalhar com uma rela\u00e7\u00e3o de confian\u00e7a, n\u00e3o de conflito\u00bb, disse o \u00edtalo-alem\u00e3o, de 40 anos, em entrevista ao Bild.<\/p>\n<p>Com Tedesco, o Fenerbah\u00e7e venceu oito dos 13 jogos que disputou. No campeonato, est\u00e1 numa luta acesa com o Galatasaray pelo t\u00edtulo e ocupa o segundo lugar, a apenas um ponto do rival de Istambul.<\/p>\n<p>\u00abD\u00e1 para sentir que os adeptos est\u00e3o famintos por sucesso. As pessoas na rua aproximam-se de mim e dizem: &#8220;Temos de ser campe\u00f5es novamente. Acreditamos em ti&#8221;. Eu sei que, se trabalhas num clube t\u00e3o grande, precisas de ter sucesso\u00bb, concluiu.<\/p>\n","protected":false},"excerpt":{"rendered":"Domenico Tedesco, que sucedeu a Jos\u00e9 Mourinho no comando t\u00e9cnico do Fenerbah\u00e7e,\u00a0fez quest\u00e3o de sublinhar que \u00e9 muito&hellip;\n","protected":false},"author":2,"featured_media":158749,"comment_status":"","ping_status":"","sticky":false,"template":"","format":"standard","meta":{"footnotes":""},"categories":[87],"tags":[135,17584,918,82,1385,46,7864,32,33,47,134],"class_list":{"0":"post-158748","1":"post","2":"type-post","3":"status-publish","4":"format-standard","5":"has-post-thumbnail","7":"category-desporto","8":"tag-desporto","9":"tag-domenico-tedesco","10":"tag-fenerbahce","11":"tag-internacional","12":"tag-jose-mourinho","13":"tag-maisfutebol","14":"tag-mourinho","15":"tag-portugal","16":"tag-pt","17":"tag-pura-paixao","18":"tag-sports"},"share_on_mastodon":{"url":"https:\/\/pubeurope.com\/@pt\/115581907534216371","error":""},"_links":{"self":[{"href":"https:\/\/www.europesays.com\/pt\/wp-json\/wp\/v2\/posts\/158748","targetHints":{"allow":["GET"]}}],"collection":[{"href":"https:\/\/www.europesays.com\/pt\/wp-json\/wp\/v2\/posts"}],"about":[{"href":"https:\/\/www.europesays.com\/pt\/wp-json\/wp\/v2\/types\/post"}],"author":[{"embeddable":true,"href":"https:\/\/www.europesays.com\/pt\/wp-json\/wp\/v2\/users\/2"}],"replies":[{"embeddable":true,"href":"https:\/\/www.europesays.com\/pt\/wp-json\/wp\/v2\/comments?post=158748"}],"version-history":[{"count":0,"href":"https:\/\/www.europesays.com\/pt\/wp-json\/wp\/v2\/posts\/158748\/revisions"}],"wp:featuredmedia":[{"embeddable":true,"href":"https:\/\/www.europesays.com\/pt\/wp-json\/wp\/v2\/media\/158749"}],"wp:attachment":[{"href":"https:\/\/www.europesays.com\/pt\/wp-json\/wp\/v2\/media?parent=158748"}],"wp:term":[{"taxonomy":"category","embeddable":true,"href":"https:\/\/www.europesays.com\/pt\/wp-json\/wp\/v2\/categories?post=158748"},{"taxonomy":"post_tag","embeddable":true,"href":"https:\/\/www.europesays.com\/pt\/wp-json\/wp\/v2\/tags?post=158748"}],"curies":[{"name":"wp","href":"https:\/\/api.w.org\/{rel}","templated":true}]}}