{"id":158752,"date":"2025-11-20T12:05:11","date_gmt":"2025-11-20T12:05:11","guid":{"rendered":"https:\/\/www.europesays.com\/pt\/158752\/"},"modified":"2025-11-20T12:05:11","modified_gmt":"2025-11-20T12:05:11","slug":"cocaina-cor-de-rosa-e-haxixe-branco-apreendidos-a-grupo-traficante-em-olhao","status":"publish","type":"post","link":"https:\/\/www.europesays.com\/pt\/158752\/","title":{"rendered":"Coca\u00edna cor-de-rosa e haxixe branco apreendidos a grupo traficante em Olh\u00e3o"},"content":{"rendered":"<p data-remotead-prev-elm=\"true\" data-remotead-elm-id=\"inread\">O grupo estava a ser investigado h\u00e1 cerca de oito meses e foi apanhado, esta ter\u00e7a-feira, numa opera\u00e7\u00e3o musculada do Comando de Faro da GNR, em colabora\u00e7\u00e3o com a PSP, em cumprimento de 13 mandados de busca, nas freguesias de Quelfes e Olh\u00e3o.<\/p>\n<p>De acordo com o capit\u00e3o Ant\u00f3nio Ramos, da GNR de Faro, &#8220;este grupo atuava de forma organizada e com recurso a armas de fogo, existindo alguns relatos de viol\u00eancia gratuita a pessoas vulner\u00e1veis, nomeadamente sem-abrigo&#8221;. Os suspeitos utilizariam as armas de fogo para amea\u00e7ar as v\u00edtimas e intimid\u00e1-las, efetuando &#8220;disparos para o ar&#8221;. Al\u00e9m do concelho de Olh\u00e3o, &#8220;operavam nos concelhos lim\u00edtrofes&#8221;.<\/p>\n<p>Tr\u00e1fico de droga<\/p>\n<p>Durante a opera\u00e7\u00e3o, a GNR apreendeu 445 doses de coca\u00edna, 381 de haxixe, duas doses de liamba, 26,15 gramas de cabe\u00e7as de can\u00e1bis, cinco botijas de \u00f3xido nitroso e cinco balan\u00e7as digitais. Entre o estupefaciente apreendido, estavam coca\u00edna cor-de-rosa e haxixe branco.<\/p>\n<p data-remotead-prev-elm=\"true\" data-remotead-elm-id=\"centro1\">&#8220;N\u00e3o \u00e9 comum apanharmos coca\u00edna cor-de-rosa e haxixe branco. S\u00e3o subst\u00e2ncias que est\u00e3o agora a aparecer no mercado portugu\u00eas e que foram detetadas recentemente em Fran\u00e7a e no sul de Espanha&#8221;, acrescentou.<\/p>\n<p>O oficial explicou que &#8220;a coca\u00edna cor-de-rosa tem um tratamento sint\u00e9tico com mistura de outras subst\u00e2ncias&#8221; e &#8220;o haxixe branco tem um grau de pureza maior&#8221;. Ambos &#8220;t\u00eam um valor de mercado superior&#8221; e &#8220;s\u00e3o normalmente destinados para consumidores de um estrato social mais elevado&#8221;.<\/p>\n<p>Foram tamb\u00e9m apreendidas duas ca\u00e7adeiras, uma r\u00e9plica de arma de fogo, um rev\u00f3lver, uma pistola artesanal, uma pistola, duas armas de ar comprimido, uma espingarda de ar comprimido, 84 muni\u00e7\u00f5es de diversos calibres, um inv\u00f3lucro de granada de m\u00e3o, um bast\u00e3o extens\u00edvel, dois passa-montanhas e um machado. A GNR apreendeu ainda um rel\u00f3gio, quatro trotinetes el\u00e9tricas, dois LCD, uma coluna de som, tr\u00eas consolas de videojogos, vestu\u00e1rio e perfumes, dois cofres, 17 telem\u00f3veis e mais de 37 mil euros em numer\u00e1rio.<\/p>\n<p data-remotead-prev-elm=\"true\" data-remotead-elm-id=\"centro2\">Os detidos t\u00eam idades entre os 18 e os 38 anos. &#8220;Apesar de existirem elementos jovens no processo, j\u00e1 tem um historial e antecedentes criminais, que lhes d\u00e3o experi\u00eancia na pr\u00e1tica de crimes&#8221;, avan\u00e7ou o oficial da GNR.<\/p>\n<p>O grupo foi presente a tribunal, mas s\u00f3 dever\u00e1 conhecer as medidas de coa\u00e7\u00e3o esta quinta-feira.<\/p>\n","protected":false},"excerpt":{"rendered":"O grupo estava a ser investigado h\u00e1 cerca de oito meses e foi apanhado, esta ter\u00e7a-feira, numa opera\u00e7\u00e3o&hellip;\n","protected":false},"author":2,"featured_media":158753,"comment_status":"","ping_status":"","sticky":false,"template":"","format":"standard","meta":{"footnotes":""},"categories":[10],"tags":[27,28,19764,2624,15,16,14,603,25,26,21,22,12,13,19,20,32,23,24,33,17,18,2953,29,30,31],"class_list":{"0":"post-158752","1":"post","2":"type-post","3":"status-publish","4":"format-standard","5":"has-post-thumbnail","7":"category-portugal","8":"tag-breaking-news","9":"tag-breakingnews","10":"tag-cocaina","11":"tag-droga","12":"tag-featured-news","13":"tag-featurednews","14":"tag-headlines","15":"tag-justica","16":"tag-latest-news","17":"tag-latestnews","18":"tag-main-news","19":"tag-mainnews","20":"tag-news","21":"tag-noticias","22":"tag-noticias-principais","23":"tag-noticiasprincipais","24":"tag-portugal","25":"tag-principais-noticias","26":"tag-principaisnoticias","27":"tag-pt","28":"tag-top-stories","29":"tag-topstories","30":"tag-trafico-de-droga","31":"tag-ultimas","32":"tag-ultimas-noticias","33":"tag-ultimasnoticias"},"share_on_mastodon":{"url":"https:\/\/pubeurope.com\/@pt\/115581938757009939","error":""},"_links":{"self":[{"href":"https:\/\/www.europesays.com\/pt\/wp-json\/wp\/v2\/posts\/158752","targetHints":{"allow":["GET"]}}],"collection":[{"href":"https:\/\/www.europesays.com\/pt\/wp-json\/wp\/v2\/posts"}],"about":[{"href":"https:\/\/www.europesays.com\/pt\/wp-json\/wp\/v2\/types\/post"}],"author":[{"embeddable":true,"href":"https:\/\/www.europesays.com\/pt\/wp-json\/wp\/v2\/users\/2"}],"replies":[{"embeddable":true,"href":"https:\/\/www.europesays.com\/pt\/wp-json\/wp\/v2\/comments?post=158752"}],"version-history":[{"count":0,"href":"https:\/\/www.europesays.com\/pt\/wp-json\/wp\/v2\/posts\/158752\/revisions"}],"wp:featuredmedia":[{"embeddable":true,"href":"https:\/\/www.europesays.com\/pt\/wp-json\/wp\/v2\/media\/158753"}],"wp:attachment":[{"href":"https:\/\/www.europesays.com\/pt\/wp-json\/wp\/v2\/media?parent=158752"}],"wp:term":[{"taxonomy":"category","embeddable":true,"href":"https:\/\/www.europesays.com\/pt\/wp-json\/wp\/v2\/categories?post=158752"},{"taxonomy":"post_tag","embeddable":true,"href":"https:\/\/www.europesays.com\/pt\/wp-json\/wp\/v2\/tags?post=158752"}],"curies":[{"name":"wp","href":"https:\/\/api.w.org\/{rel}","templated":true}]}}