{"id":158758,"date":"2025-11-20T12:12:08","date_gmt":"2025-11-20T12:12:08","guid":{"rendered":"https:\/\/www.europesays.com\/pt\/158758\/"},"modified":"2025-11-20T12:12:08","modified_gmt":"2025-11-20T12:12:08","slug":"daniel-radcliffe-revela-que-enviou-carta-a-astro-mirim-que-sera-novo-harry-potter-com-um-unico-desejo","status":"publish","type":"post","link":"https:\/\/www.europesays.com\/pt\/158758\/","title":{"rendered":"Daniel Radcliffe revela que enviou carta a astro mirim que ser\u00e1 novo Harry Potter com um \u00fanico desejo"},"content":{"rendered":"\n<p>Sem precisar de corujas, Daniel Radcliffe enviou uma cartinha a Dominic McLaughlin, ator mirim que foi escalado para o papel de Harry Potter para a futura s\u00e9rie de TV prevista para 2027, que marcar\u00e1 a nova adapta\u00e7\u00e3o dos livros de J.K. Rowling.<\/p>\n<p>Hoje com 36 anos, o astro brit\u00e2nico brilhou nos oito filmes da saga &#8216;Harry Potter&#8217; entre 2001 e 2011; quando assumiu o personagem, que viria a se tornar um \u00edcone da cultura pop, ele tinha apenas 11 anos \u2014 a mesma idade de Dominic atualmente.<\/p>\n<p>Por isso, sabe do potencial que esse projeto tem de transformar completamente a vida e carreira do garoto. Em entrevista ao programa Good Morning America nesta ter\u00e7a-feira (18), Daniel falou sobre a nova vers\u00e3o do bruxinho e revelou por que enviou um recado ao jovem.<\/p>\n<p>\u201cEu n\u00e3o diria que qualquer pessoa que v\u00e1 interpretar o Harry precise [entrar em contato]\u201d, disse o ator. \u201cE eu tenho uma coisa muito fofa: conhe\u00e7o algumas pessoas que est\u00e3o trabalhando na produ\u00e7\u00e3o, ent\u00e3o escrevi para o Dominic e mandei uma carta para ele, e ele me respondeu com uma mensagem muito doce.\u201d<\/p>\n<p>Antes de expor o pedido que fez ao garoto, Daniel Radcliffe refor\u00e7ou ainda que n\u00e3o quer \u201cser uma presen\u00e7a sombria na luz dessas crian\u00e7as\u201d. \u201cEu s\u00f3 quis escrever para ele dizendo: \u2018Espero que voc\u00ea se divirta ao m\u00e1ximo, e ainda mais do que eu \u2014 eu me diverti muito, mas espero que voc\u00ea se divirta ainda mais\u2019\u201d, lembrou ele sobre a carta. \u201cE \u00e9 verdade, eu vejo essas fotos dele e das outras crian\u00e7as e s\u00f3 quero abra\u00e7\u00e1-los.\u201d<\/p>\n<p>O ator acrescentou: \u201cEles parecem t\u00e3o jovens. Eu olho para eles e penso: \u2018\u00c9 louco que eu estava fazendo isso.\u2019 Mas tamb\u00e9m \u00e9 incrivelmente doce, e espero que eles estejam se divertindo muito.\u201d<\/p>\n<p>Al\u00e9m de Dominic McLaughlin como Harry Potter, a s\u00e9rie ter\u00e1 Arabella Stanton como Hermione Granger e Alastair Stout como Ron Weasley.<\/p>\n<p>Posteriormente, foi revelado que a obra ter\u00e1 Paapa Essiedu como Snape, Luke Thallon como Professor Quirrell, Paul Whitehouse como Argus Filch, John Lithgow como Dumbledore, Janet McTeer como Professora McGonagall e Nick Frost como Hagrid.<\/p>\n<p>Permanece o mist\u00e9rio sobre quem assumir\u00e1 o vil\u00e3o Lorde Voldemort na nova s\u00e9rie. Entre os nomes ventilados para a importante fun\u00e7\u00e3o, est\u00e3o atores como Cillian Murphy, Matthew Macfadyen e Tom Hiddleston. Em setembro, surgiu a possibilidade de o papel ficar com uma mulher, o que dividiu f\u00e3s nas redes sociais.<\/p>\n","protected":false},"excerpt":{"rendered":"Sem precisar de corujas, Daniel Radcliffe enviou uma cartinha a Dominic McLaughlin, ator mirim que foi escalado para&hellip;\n","protected":false},"author":2,"featured_media":158759,"comment_status":"","ping_status":"","sticky":false,"template":"","format":"standard","meta":{"footnotes":""},"categories":[140],"tags":[33876,33878,10415,5932,15628,33877,7975,114,115,147,148,33875,700,33880,13528,13529,12660,33883,146,13539,32,33879,33882,33,33881,3939,32817],"class_list":{"0":"post-158758","1":"post","2":"type-post","3":"status-publish","4":"format-standard","5":"has-post-thumbnail","7":"category-filmes","8":"tag-alastair-stout","9":"tag-arabella-stanton","10":"tag-carta","11":"tag-cultura-pop","12":"tag-daniel-radcliffe","13":"tag-dominic-mclaughlin","14":"tag-dumbledore","15":"tag-entertainment","16":"tag-entretenimento","17":"tag-film","18":"tag-filmes","19":"tag-good-morning-america","20":"tag-harry-potter","21":"tag-hermione-granger","22":"tag-j-k-rowling","23":"tag-janet-mcteer","24":"tag-john-lithgow","25":"tag-luke-thallon","26":"tag-movies","27":"tag-paapa-essiedu","28":"tag-portugal","29":"tag-professor-quirrell","30":"tag-professora-mcgonagall","31":"tag-pt","32":"tag-ron-weasley","33":"tag-serie","34":"tag-snape"},"share_on_mastodon":{"url":"https:\/\/pubeurope.com\/@pt\/115581966412269352","error":""},"_links":{"self":[{"href":"https:\/\/www.europesays.com\/pt\/wp-json\/wp\/v2\/posts\/158758","targetHints":{"allow":["GET"]}}],"collection":[{"href":"https:\/\/www.europesays.com\/pt\/wp-json\/wp\/v2\/posts"}],"about":[{"href":"https:\/\/www.europesays.com\/pt\/wp-json\/wp\/v2\/types\/post"}],"author":[{"embeddable":true,"href":"https:\/\/www.europesays.com\/pt\/wp-json\/wp\/v2\/users\/2"}],"replies":[{"embeddable":true,"href":"https:\/\/www.europesays.com\/pt\/wp-json\/wp\/v2\/comments?post=158758"}],"version-history":[{"count":0,"href":"https:\/\/www.europesays.com\/pt\/wp-json\/wp\/v2\/posts\/158758\/revisions"}],"wp:featuredmedia":[{"embeddable":true,"href":"https:\/\/www.europesays.com\/pt\/wp-json\/wp\/v2\/media\/158759"}],"wp:attachment":[{"href":"https:\/\/www.europesays.com\/pt\/wp-json\/wp\/v2\/media?parent=158758"}],"wp:term":[{"taxonomy":"category","embeddable":true,"href":"https:\/\/www.europesays.com\/pt\/wp-json\/wp\/v2\/categories?post=158758"},{"taxonomy":"post_tag","embeddable":true,"href":"https:\/\/www.europesays.com\/pt\/wp-json\/wp\/v2\/tags?post=158758"}],"curies":[{"name":"wp","href":"https:\/\/api.w.org\/{rel}","templated":true}]}}