{"id":158760,"date":"2025-11-20T12:13:11","date_gmt":"2025-11-20T12:13:11","guid":{"rendered":"https:\/\/www.europesays.com\/pt\/158760\/"},"modified":"2025-11-20T12:13:11","modified_gmt":"2025-11-20T12:13:11","slug":"sporting-nuno-santos-volta-a-correr-em-alcochete","status":"publish","type":"post","link":"https:\/\/www.europesays.com\/pt\/158760\/","title":{"rendered":"Sporting: Nuno Santos volta a correr em Alcochete"},"content":{"rendered":"<p style=\"margin-bottom:11px\">Nuno Santos iniciou esta quarta-feira uma nova etapa na sua recupera\u00e7\u00e3o, mas continua entregue \u00e0 Unidade de Performance do Sporting e ainda com muito trabalho pela frente antes de ser integrado em pleno no plantel de Rui Borges.<\/p>\n<p>Num dia em que o Sporting regressou ao trabalho, para preparar o jogo da Ta\u00e7a de Portugal, frente ao Marinhense, o extremo come\u00e7ou a fazer corrida no relvado, o que j\u00e1 \u00e9 um passo significativo no processo de recupera\u00e7\u00e3o, mas ainda n\u00e3o tem o regresso \u00e0 competi\u00e7\u00e3o no horizonte pr\u00f3ximo.<\/p>\n<p>Recordamos que Nuno Santos lesionou-se h\u00e1 mais de um ano, a 27 de outubro de 2024, no decorrer do jogo da 9.\u00aa jornada da Liga 2024\/25, em Famalic\u00e3o, em que contraiu uma rotura do tend\u00e3o rotuliano do joelho direito.<\/p>\n<p>Mais de um ano depois, Nuno Santos come\u00e7ou, agora, a correr, mas agora tem de recuperar a plena forma, antes de come\u00e7ar a pensar em voltar a jogar.<\/p>\n<p><img decoding=\"async\" alt=\"\" src=\"https:\/\/www.europesays.com\/pt\/wp-content\/uploads\/2025\/11\/671e58a5d34e94b82906c0fc.webp\"\/><\/p>\n","protected":false},"excerpt":{"rendered":"Nuno Santos iniciou esta quarta-feira uma nova etapa na sua recupera\u00e7\u00e3o, mas continua entregue \u00e0 Unidade de Performance&hellip;\n","protected":false},"author":2,"featured_media":158761,"comment_status":"","ping_status":"","sticky":false,"template":"","format":"standard","meta":{"footnotes":""},"categories":[87],"tags":[135,36,46,2526,32,33,47,5261,34,134,33884],"class_list":{"0":"post-158760","1":"post","2":"type-post","3":"status-publish","4":"format-standard","5":"has-post-thumbnail","7":"category-desporto","8":"tag-desporto","9":"tag-liga","10":"tag-maisfutebol","11":"tag-nuno-santos","12":"tag-portugal","13":"tag-pt","14":"tag-pura-paixao","15":"tag-recuperacao","16":"tag-sporting","17":"tag-sports","18":"tag-unidade-de-performance"},"share_on_mastodon":{"url":"https:\/\/pubeurope.com\/@pt\/115581970564248782","error":""},"_links":{"self":[{"href":"https:\/\/www.europesays.com\/pt\/wp-json\/wp\/v2\/posts\/158760","targetHints":{"allow":["GET"]}}],"collection":[{"href":"https:\/\/www.europesays.com\/pt\/wp-json\/wp\/v2\/posts"}],"about":[{"href":"https:\/\/www.europesays.com\/pt\/wp-json\/wp\/v2\/types\/post"}],"author":[{"embeddable":true,"href":"https:\/\/www.europesays.com\/pt\/wp-json\/wp\/v2\/users\/2"}],"replies":[{"embeddable":true,"href":"https:\/\/www.europesays.com\/pt\/wp-json\/wp\/v2\/comments?post=158760"}],"version-history":[{"count":0,"href":"https:\/\/www.europesays.com\/pt\/wp-json\/wp\/v2\/posts\/158760\/revisions"}],"wp:featuredmedia":[{"embeddable":true,"href":"https:\/\/www.europesays.com\/pt\/wp-json\/wp\/v2\/media\/158761"}],"wp:attachment":[{"href":"https:\/\/www.europesays.com\/pt\/wp-json\/wp\/v2\/media?parent=158760"}],"wp:term":[{"taxonomy":"category","embeddable":true,"href":"https:\/\/www.europesays.com\/pt\/wp-json\/wp\/v2\/categories?post=158760"},{"taxonomy":"post_tag","embeddable":true,"href":"https:\/\/www.europesays.com\/pt\/wp-json\/wp\/v2\/tags?post=158760"}],"curies":[{"name":"wp","href":"https:\/\/api.w.org\/{rel}","templated":true}]}}