{"id":158766,"date":"2025-11-20T12:19:11","date_gmt":"2025-11-20T12:19:11","guid":{"rendered":"https:\/\/www.europesays.com\/pt\/158766\/"},"modified":"2025-11-20T12:19:11","modified_gmt":"2025-11-20T12:19:11","slug":"pj-detem-homem-por-suspeita-de-burla-imobiliaria-com-ganhos-de-mais-de-tres-milhoes-de-euros","status":"publish","type":"post","link":"https:\/\/www.europesays.com\/pt\/158766\/","title":{"rendered":"PJ det\u00e9m homem por suspeita de burla imobili\u00e1ria com ganhos de mais de tr\u00eas milh\u00f5es de euros"},"content":{"rendered":"<p>        \u201cO detido, j\u00e1 com antecedentes policiais pelo mesmo tipo de crime, foi presente a primeiro interrogat\u00f3rio judicial, para aplica\u00e7\u00e3o de medidas de coa\u00e7\u00e3o, tendo ficado em pris\u00e3o preventiva\u201d, num inqu\u00e9rito tutelado pelo Departamento de Investiga\u00e7\u00e3o e A\u00e7\u00e3o Penal de Set\u00fabal.    <\/p>\n<p>Um homem de 48 anos foi detido pela Pol\u00edcia Judici\u00e1ria (PJ) por suspeitas de burla qualificada em neg\u00f3cios de im\u00f3veis no distrito de Set\u00fabal, com lucro il\u00edcito de mais de tr\u00eas milh\u00f5es de euros, segundo comunicado oficial de hoje.<\/p>\n<p class=\"text-paragraph\">\u201cO detido, j\u00e1 com antecedentes policiais pelo mesmo tipo de crime, foi presente a primeiro interrogat\u00f3rio judicial, para aplica\u00e7\u00e3o de medidas de coa\u00e7\u00e3o, tendo ficado em pris\u00e3o preventiva\u201d, num inqu\u00e9rito tutelado pelo Departamento de Investiga\u00e7\u00e3o e A\u00e7\u00e3o Penal de Set\u00fabal.<\/p>\n<p class=\"text-paragraph\">A investiga\u00e7\u00e3o dirigida pelo Departamento de Investiga\u00e7\u00e3o Criminal setubalense concluiu que o suspeito, \u201centre sinal, refor\u00e7o de sinal e adiantamento de pagamento, ter\u00e1 recebido mais de tr\u00eas milh\u00f5es de euros, dos promitentes compradores, cujos im\u00f3veis ainda est\u00e3o por concluir\u201d, no concelho de Palmela.<\/p>\n<p class=\"text-paragraph\">\u201cAssim, para a consuma\u00e7\u00e3o do plano, [o detido] constituiu, em 2017, uma empresa direcionada para a constru\u00e7\u00e3o de empreendimentos imobili\u00e1rios (\u2026), no \u00e2mbito dos quais vieram a ser constru\u00eddos v\u00e1rios im\u00f3veis para venda\u201d, descreveu a PJ.<\/p>\n<p class=\"text-paragraph\">O suspeito, como representante legal da referida empresa, \u201cutilizou em algumas situa\u00e7\u00f5es os servi\u00e7os de empresas do ramo imobili\u00e1rio e agentes imobili\u00e1rios, que serviam de intermedi\u00e1rios na venda dos im\u00f3veis\u201d, antes da conclus\u00e3o das obras, tendo havido ocasi\u00f5es em que ter\u00e1 \u201cvendido [os mesmos im\u00f3veis] a v\u00e1rios compradores\u201d.<\/p>\n","protected":false},"excerpt":{"rendered":"\u201cO detido, j\u00e1 com antecedentes policiais pelo mesmo tipo de crime, foi presente a primeiro interrogat\u00f3rio judicial, para&hellip;\n","protected":false},"author":2,"featured_media":158767,"comment_status":"","ping_status":"","sticky":false,"template":"","format":"standard","meta":{"footnotes":""},"categories":[10],"tags":[27,28,15,16,14,1228,25,26,21,22,12,13,19,20,4107,2445,32,23,24,33,17,18,29,30,31],"class_list":{"0":"post-158766","1":"post","2":"type-post","3":"status-publish","4":"format-standard","5":"has-post-thumbnail","7":"category-portugal","8":"tag-breaking-news","9":"tag-breakingnews","10":"tag-featured-news","11":"tag-featurednews","12":"tag-headlines","13":"tag-imobiliario","14":"tag-latest-news","15":"tag-latestnews","16":"tag-main-news","17":"tag-mainnews","18":"tag-news","19":"tag-noticias","20":"tag-noticias-principais","21":"tag-noticiasprincipais","22":"tag-pj","23":"tag-policia-judiciaria","24":"tag-portugal","25":"tag-principais-noticias","26":"tag-principaisnoticias","27":"tag-pt","28":"tag-top-stories","29":"tag-topstories","30":"tag-ultimas","31":"tag-ultimas-noticias","32":"tag-ultimasnoticias"},"share_on_mastodon":{"url":"https:\/\/pubeurope.com\/@pt\/115581993817485160","error":""},"_links":{"self":[{"href":"https:\/\/www.europesays.com\/pt\/wp-json\/wp\/v2\/posts\/158766","targetHints":{"allow":["GET"]}}],"collection":[{"href":"https:\/\/www.europesays.com\/pt\/wp-json\/wp\/v2\/posts"}],"about":[{"href":"https:\/\/www.europesays.com\/pt\/wp-json\/wp\/v2\/types\/post"}],"author":[{"embeddable":true,"href":"https:\/\/www.europesays.com\/pt\/wp-json\/wp\/v2\/users\/2"}],"replies":[{"embeddable":true,"href":"https:\/\/www.europesays.com\/pt\/wp-json\/wp\/v2\/comments?post=158766"}],"version-history":[{"count":0,"href":"https:\/\/www.europesays.com\/pt\/wp-json\/wp\/v2\/posts\/158766\/revisions"}],"wp:featuredmedia":[{"embeddable":true,"href":"https:\/\/www.europesays.com\/pt\/wp-json\/wp\/v2\/media\/158767"}],"wp:attachment":[{"href":"https:\/\/www.europesays.com\/pt\/wp-json\/wp\/v2\/media?parent=158766"}],"wp:term":[{"taxonomy":"category","embeddable":true,"href":"https:\/\/www.europesays.com\/pt\/wp-json\/wp\/v2\/categories?post=158766"},{"taxonomy":"post_tag","embeddable":true,"href":"https:\/\/www.europesays.com\/pt\/wp-json\/wp\/v2\/tags?post=158766"}],"curies":[{"name":"wp","href":"https:\/\/api.w.org\/{rel}","templated":true}]}}