{"id":158794,"date":"2025-11-20T12:47:08","date_gmt":"2025-11-20T12:47:08","guid":{"rendered":"https:\/\/www.europesays.com\/pt\/158794\/"},"modified":"2025-11-20T12:47:08","modified_gmt":"2025-11-20T12:47:08","slug":"energia-restaurada-em-paris-apos-apagao-que-deixou-bairros-as-escuras","status":"publish","type":"post","link":"https:\/\/www.europesays.com\/pt\/158794\/","title":{"rendered":"Energia restaurada em Paris ap\u00f3s apag\u00e3o que deixou bairros \u00e0s escuras"},"content":{"rendered":"<p>Segunda a empresa de distribui\u00e7\u00e3o de energia Enedis, ruas dos bairros 6, 7, 14 e 15 de Paris ficaram sem eletricidade esta quinta-feira devido a \u201cum incidente\u201d.<\/p>\n<p>A operadora da rede francesa RTE associou o epis\u00f3dio a u<b>m incidente t\u00e9cnico na sua subesta\u00e7\u00e3o el\u00e9trica de Issy-Les-Moulineaux<\/b>, a sudoeste da capital francesa.<\/p>\n<p>A origem exata do incidente permanece desconhecida e as investiga\u00e7\u00f5es est\u00e3o em curso, adiantou um porta-voz da RTE.<\/p>\n<p>A falha, que tamb\u00e9m interrompeu alguns servi\u00e7os de metro e comboios suburbanos, <b>deixou inicialmente cerca de 170.000 resid\u00eancias sem eletricidade a partir das 05h38<\/b>.<\/p>\n<p>A energia foi gradualmente restaurada e, \u00e0s 06h50, apenas cerca de 2.600 resid\u00eancias continuavam sem eletricidade, segundo a RTE.<br \/>&#13;\n<\/p>\n<blockquote class=\"twitter-tweet\"><p>&#13;<\/p>\n<p dir=\"ltr\" lang=\"fr\">&#13;<br \/>\n\tL\u2019alimentation en \u00e9lectricit\u00e9 des 2 600 foyers a pu \u00eatre r\u00e9tablie \u00e0 09h20. Fin de la <a href=\"https:\/\/twitter.com\/hashtag\/coupure?src=hash&amp;ref_src=twsrc%5Etfw\" rel=\"nofollow noopener\" target=\"_blank\">#coupure<\/a>. RTE pr\u00e9sente \u00e0 nouveau ses excuses pour la g\u00eane occasionn\u00e9e. Une analyse est en cours pour d\u00e9terminer les origines de l\u2019avarie technique. <a href=\"https:\/\/t.co\/nSTkaFIZ0y\" rel=\"nofollow\">pic.twitter.com\/nSTkaFIZ0y<\/a>&#13;\n\t<\/p>\n<p>&#13;<br \/>\n\t\u2014 RTE en IDF-Normandie (@RTE_idfn) <a href=\"https:\/\/twitter.com\/RTE_idfn\/status\/1991448722342048019?ref_src=twsrc%5Etfw\" rel=\"nofollow noopener\" target=\"_blank\">November 20, 2025<\/a>&#13;\n<\/p><\/blockquote>\n<p><\/p>\n<p>&#13;<br \/>\nAlgumas linhas de metro e comboios suburbanos foram interrompidas, de acordo com a Enedis.&#13;<br \/>\n<br \/>&#13;\n<\/p>\n<p>            <script async src=\"https:\/\/platform.twitter.com\/widgets.js\" charset=\"utf-8\"><\/script><\/p>\n","protected":false},"excerpt":{"rendered":"Segunda a empresa de distribui\u00e7\u00e3o de energia Enedis, ruas dos bairros 6, 7, 14 e 15 de Paris&hellip;\n","protected":false},"author":2,"featured_media":158605,"comment_status":"","ping_status":"","sticky":false,"template":"","format":"standard","meta":{"footnotes":""},"categories":[10],"tags":[2877,27,28,3118,15,16,14,25,26,21,22,12,13,19,20,2458,32,23,24,33,17,18,29,30,31],"class_list":{"0":"post-158794","1":"post","2":"type-post","3":"status-publish","4":"format-standard","5":"has-post-thumbnail","7":"category-portugal","8":"tag-apagao","9":"tag-breaking-news","10":"tag-breakingnews","11":"tag-eletricidade","12":"tag-featured-news","13":"tag-featurednews","14":"tag-headlines","15":"tag-latest-news","16":"tag-latestnews","17":"tag-main-news","18":"tag-mainnews","19":"tag-news","20":"tag-noticias","21":"tag-noticias-principais","22":"tag-noticiasprincipais","23":"tag-paris","24":"tag-portugal","25":"tag-principais-noticias","26":"tag-principaisnoticias","27":"tag-pt","28":"tag-top-stories","29":"tag-topstories","30":"tag-ultimas","31":"tag-ultimas-noticias","32":"tag-ultimasnoticias"},"share_on_mastodon":{"url":"https:\/\/pubeurope.com\/@pt\/115582104017966428","error":""},"_links":{"self":[{"href":"https:\/\/www.europesays.com\/pt\/wp-json\/wp\/v2\/posts\/158794","targetHints":{"allow":["GET"]}}],"collection":[{"href":"https:\/\/www.europesays.com\/pt\/wp-json\/wp\/v2\/posts"}],"about":[{"href":"https:\/\/www.europesays.com\/pt\/wp-json\/wp\/v2\/types\/post"}],"author":[{"embeddable":true,"href":"https:\/\/www.europesays.com\/pt\/wp-json\/wp\/v2\/users\/2"}],"replies":[{"embeddable":true,"href":"https:\/\/www.europesays.com\/pt\/wp-json\/wp\/v2\/comments?post=158794"}],"version-history":[{"count":0,"href":"https:\/\/www.europesays.com\/pt\/wp-json\/wp\/v2\/posts\/158794\/revisions"}],"wp:featuredmedia":[{"embeddable":true,"href":"https:\/\/www.europesays.com\/pt\/wp-json\/wp\/v2\/media\/158605"}],"wp:attachment":[{"href":"https:\/\/www.europesays.com\/pt\/wp-json\/wp\/v2\/media?parent=158794"}],"wp:term":[{"taxonomy":"category","embeddable":true,"href":"https:\/\/www.europesays.com\/pt\/wp-json\/wp\/v2\/categories?post=158794"},{"taxonomy":"post_tag","embeddable":true,"href":"https:\/\/www.europesays.com\/pt\/wp-json\/wp\/v2\/tags?post=158794"}],"curies":[{"name":"wp","href":"https:\/\/api.w.org\/{rel}","templated":true}]}}