{"id":158811,"date":"2025-11-20T12:59:12","date_gmt":"2025-11-20T12:59:12","guid":{"rendered":"https:\/\/www.europesays.com\/pt\/158811\/"},"modified":"2025-11-20T12:59:12","modified_gmt":"2025-11-20T12:59:12","slug":"xiaomi-alerta-vai-haver-um-aumento-dos-precos-dos-smartphones","status":"publish","type":"post","link":"https:\/\/www.europesays.com\/pt\/158811\/","title":{"rendered":"Xiaomi alerta! Vai haver um aumento dos pre\u00e7os dos smartphones"},"content":{"rendered":"<p>\u00c9 imposs\u00edvel prever o momento perfeito para comprar um smartphone! As constantes flutua\u00e7\u00f5es do mercado, os avan\u00e7os tecnol\u00f3gicos constantes e a rota\u00e7\u00e3o cont\u00ednua de modelos tornam esta tarefa muito complicada. Ainda assim, as \u00faltimas declara\u00e7\u00f5es do presidente da Xiaomi s\u00e3o claras. 2026 trar\u00e1 um aumento nos pre\u00e7os, e n\u00e3o quer assustar os consumidores.<\/p>\n<p><a target=\"_blank\" href=\"https:\/\/pplware.sapo.pt\/wp-content\/uploads\/2025\/11\/Pplasre_Xiaomi_15T_Pro_17.jpg\" onclick=\"refreshIframe()\" class=\"foobox\" rel=\"nofollow noopener\"><img fetchpriority=\"high\" decoding=\"async\" src=\"https:\/\/www.europesays.com\/pt\/wp-content\/uploads\/2025\/11\/Pplasre_Xiaomi_15T_Pro_17-1024x576.jpg\" alt=\"Xiaomi pre\u00e7os smartphones aumento\" width=\"720\" height=\"405\" class=\"aligncenter size-large wp-image-1087330\"  \/><\/a>\n<\/p>\n<p>Aumento dr\u00e1stico dos pre\u00e7os dos smartphones<\/p>\n<p>Durante a apresenta\u00e7\u00e3o dos mais recentes resultados da Xiaomi, o presidente da empresa deu v\u00e1rias pistas sobre o futuro do cat\u00e1logo. Al\u00e9m disso, deu tamb\u00e9m uma \u00f3tima recomenda\u00e7\u00e3o para todos os que procuram um novo smartphone. Comprar o quanto antes pode ajudar a poupar dinheiro.<\/p>\n<p>Confirmou que o setor enfrenta uma nova crise que j\u00e1 afeta as empresas e que em breve poder\u00e1 inflacionar os pre\u00e7os de venda a retalho dos smartphones. Segundo o presidente da Xiaomi, os fabricantes de processadores est\u00e3o a concentrar-se na produ\u00e7\u00e3o de chips para centros de intelig\u00eancia artificial e a negligenciar o fornecimento regular de chips para telem\u00f3veis.<\/p>\n<p>De facto, segundo os especialistas do setor, os pre\u00e7os de alguns processadores para dispositivos m\u00f3veis aumentaram at\u00e9 60% s\u00f3 no quarto trimestre de 2025. \u00c9 um n\u00famero que poder\u00e1 ser ainda mais expressivo em 2026. Segundo Weibing, a Xiaomi j\u00e1 come\u00e7ou a implementar aumentos de pre\u00e7os devido \u00e0 escassez de processadores nas suas novas s\u00e9ries, como o Redmi K90. <\/p>\n<p><a target=\"_blank\" href=\"https:\/\/pplware.sapo.pt\/wp-content\/uploads\/2025\/03\/xiaomi_15_ultra_camara_1.jpg\" onclick=\"refreshIframe()\" class=\"foobox\" rel=\"nofollow noopener\"><img loading=\"lazy\" decoding=\"async\" src=\"https:\/\/www.europesays.com\/pt\/wp-content\/uploads\/2025\/11\/xiaomi_15_ultra_camara_1-1024x576.jpg\" alt=\"Xiaomi pre\u00e7os smartphones aumento\" width=\"720\" height=\"405\" class=\"aligncenter size-large wp-image-1045870\"  \/><\/a><\/p>\n<p>Problema n\u00e3o vai apenas afetar a Xiaomi<\/p>\n<p>A empresa afirma que as margens de lucro come\u00e7am a diminuir consideravelmente, pelo que podemos ver uma tend\u00eancia de subida dos pre\u00e7os nos pr\u00f3ximos meses devido ao custo dos chips. Embora estas declara\u00e7\u00f5es venham da Xiaomi, n\u00e3o excluem outros fabricantes e empresas. <\/p>\n<p>A Samsung, a Apple e muitas outras marcas tamb\u00e9m s\u00e3o afetadas pela escassez de chips. \u00c9 por isso que a tend\u00eancia de subida dos pre\u00e7os prevista pela Xiaomi \u00e9 generalizada e n\u00e3o se restringe somente aos seus pr\u00f3prios produtos. \u00c9 importante perceber o que a Xiaomi quis dizer e como a escassez de chips vai afetar os pre\u00e7os dos telem\u00f3veis. <\/p>\n<p>Em primeiro lugar, tudo depende do dispositivo que pretende comprar, uma vez que os modelos j\u00e1 lan\u00e7ados n\u00e3o dever\u00e3o ter um aumento de pre\u00e7o at\u00e9 2026. O alerta da Xiaomi e do seu presidente aplica-se a toda a pr\u00f3xima gera\u00e7\u00e3o de modelos, n\u00e3o apenas aos que j\u00e1 est\u00e3o no mercado. Esperar \u00e9 uma op\u00e7\u00e3o, mas o presidente da Xiaomi j\u00e1 o avisou: os pre\u00e7os que ver\u00e1 em 2026 podem ser muito mais elevados do que o esperado.<\/p>\n","protected":false},"excerpt":{"rendered":"\u00c9 imposs\u00edvel prever o momento perfeito para comprar um smartphone! As constantes flutua\u00e7\u00f5es do mercado, os avan\u00e7os tecnol\u00f3gicos&hellip;\n","protected":false},"author":2,"featured_media":158812,"comment_status":"","ping_status":"","sticky":false,"template":"","format":"standard","meta":{"footnotes":""},"categories":[83],"tags":[5747,88,89,90,32,1503,33,954,360],"class_list":{"0":"post-158811","1":"post","2":"type-post","3":"status-publish","4":"format-standard","5":"has-post-thumbnail","7":"category-empresas","8":"tag-aumento","9":"tag-business","10":"tag-economy","11":"tag-empresas","12":"tag-portugal","13":"tag-precos","14":"tag-pt","15":"tag-smartphones","16":"tag-xiaomi"},"share_on_mastodon":{"url":"https:\/\/pubeurope.com\/@pt\/115582151258663395","error":""},"_links":{"self":[{"href":"https:\/\/www.europesays.com\/pt\/wp-json\/wp\/v2\/posts\/158811","targetHints":{"allow":["GET"]}}],"collection":[{"href":"https:\/\/www.europesays.com\/pt\/wp-json\/wp\/v2\/posts"}],"about":[{"href":"https:\/\/www.europesays.com\/pt\/wp-json\/wp\/v2\/types\/post"}],"author":[{"embeddable":true,"href":"https:\/\/www.europesays.com\/pt\/wp-json\/wp\/v2\/users\/2"}],"replies":[{"embeddable":true,"href":"https:\/\/www.europesays.com\/pt\/wp-json\/wp\/v2\/comments?post=158811"}],"version-history":[{"count":0,"href":"https:\/\/www.europesays.com\/pt\/wp-json\/wp\/v2\/posts\/158811\/revisions"}],"wp:featuredmedia":[{"embeddable":true,"href":"https:\/\/www.europesays.com\/pt\/wp-json\/wp\/v2\/media\/158812"}],"wp:attachment":[{"href":"https:\/\/www.europesays.com\/pt\/wp-json\/wp\/v2\/media?parent=158811"}],"wp:term":[{"taxonomy":"category","embeddable":true,"href":"https:\/\/www.europesays.com\/pt\/wp-json\/wp\/v2\/categories?post=158811"},{"taxonomy":"post_tag","embeddable":true,"href":"https:\/\/www.europesays.com\/pt\/wp-json\/wp\/v2\/tags?post=158811"}],"curies":[{"name":"wp","href":"https:\/\/api.w.org\/{rel}","templated":true}]}}