{"id":158828,"date":"2025-11-20T13:16:11","date_gmt":"2025-11-20T13:16:11","guid":{"rendered":"https:\/\/www.europesays.com\/pt\/158828\/"},"modified":"2025-11-20T13:16:11","modified_gmt":"2025-11-20T13:16:11","slug":"democratas-respondem-com-messi-no-tiktok-ao-video-de-trump-com-ronaldo-celebridades","status":"publish","type":"post","link":"https:\/\/www.europesays.com\/pt\/158828\/","title":{"rendered":"Democratas \u201crespondem\u201d com Messi no TikTok ao v\u00eddeo de Trump com Ronaldo | Celebridades"},"content":{"rendered":"<p>O Partido Democrata publicou nesta quinta-feira imagens de Lionel Messi, o avan\u00e7ado argentino do Inter Miami, na sua conta no TikTok, em resposta ao v\u00eddeo divulgado pela Casa Branca com o Presidente republicano, Donald Trump, ao lado de Cristiano Ronaldo.<\/p>\n<p>O v\u00eddeo do <a href=\"https:\/\/www.publico.pt\/tiktok\" rel=\"nofollow noopener\" target=\"_blank\">TikTok<\/a> re\u00fane imagens ic\u00f3nicas da carreira de Messi no Barcelona e no Paris Saint-Germain, na selec\u00e7\u00e3o argentina e tamb\u00e9m da cerim\u00f3nia em que recebeu uma das suas oito Bolas de Ouro.<\/p>\n<p>A publica\u00e7\u00e3o surge um dia depois de a Casa Branca ter divulgado um <a href=\"https:\/\/www.publico.pt\/2025\/11\/19\/impar\/noticia\/cristiano-ronaldo-jantar-donald-trump-elon-musk-2155101\" rel=\"nofollow noopener\" target=\"_blank\">v\u00eddeo de Trump<\/a> e Ronaldo a caminharem juntos com a mensagem \u201cdois GOATs\u201d (Greatest Of All Time, ou Os Maiores de Todos os Tempos, em portugu\u00eas).<\/p>\n<p>        &#13;<br \/>\n            <a class=\"embedly-card\" data-card-controls=\"0\" href=\"https:\/\/www.tiktok.com\/@democrats\/video\/7574485216027364621?is_from_webapp=1&amp;sender_device=pc&amp;web_id=7562511273583494689\" rel=\"nofollow noopener\" target=\"_blank\">&#13;<\/p>\n<p>Na ter\u00e7a-feira \u00e0 noite, durante um jantar com o pr\u00edncipe herdeiro da Ar\u00e1bia Saudita, <a href=\"https:\/\/www.publico.pt\/2025\/11\/18\/mundo\/noticia\/recepcao-sumptuosa-casa-branca-trump-ilibou-bin-salman-morte-khashoggi-2155132\" rel=\"nofollow noopener\" target=\"_blank\">Mohammed bin Salman<\/a>, e a delega\u00e7\u00e3o saudita, Trump destacou a presen\u00e7a do portugu\u00eas e disse que o filho mais novo, Barron, estava entusiasmado por conhecer Cristiano Ronaldo pessoalmente.<\/p>\n<p><a href=\"https:\/\/www.publico.pt\/cristiano-ronaldo\" rel=\"nofollow noopener\" target=\"_blank\">Cristiano Ronaldo<\/a> e a hispano-argentina Georgina Rodr\u00edguez, companheira do futebolista, ficaram num hotel de luxo a um quarteir\u00e3o da Casa Branca.<\/p>\n<p>Cristiano Ronaldo agradeceu nesta quinta-feira a Donald Trump o convite e a recep\u00e7\u00e3o na Casa Branca. \u201cObrigado <a href=\"https:\/\/www.publico.pt\/donald-trump\" rel=\"nofollow noopener\" target=\"_blank\">senhor Presidente<\/a>, pelo convite e pela recep\u00e7\u00e3o calorosa que voc\u00ea e a primeira-dama me ofereceram a mim e \u00e0 minha futura esposa. Cada um de n\u00f3s tem algo significativo para dar e eu estou pronto para fazer a minha parte enquanto inspiramos as novas gera\u00e7\u00f5es a constru\u00edrem um futuro definido pela coragem, responsabilidade e paz duradoura\u201d, sublinhou o avan\u00e7ado e capit\u00e3o da selec\u00e7\u00e3o nacional, numa publica\u00e7\u00e3o nas redes sociais.<\/p>\n<p>        &#13;<\/p>\n<p>&#13;<br \/>\n                &#13;\n            <\/p>\n<p>&#13;<\/p>\n<p>O jogador j\u00e1 tinha manifestado interesse em encontrar-se com Trump numa entrevista recente ao jornalista brit\u00e2nico <a href=\"https:\/\/www.publico.pt\/piers-morgan\" rel=\"nofollow noopener\" target=\"_blank\">Piers Morgan<\/a>, divulgada em 6 de Novembro: \u201c\u00c9 uma das pessoas que quero conhecer, gostava de ter uma boa conversa com ele. \u00c9 algu\u00e9m de quem gosto mesmo porque \u00e9 uma das pessoas que consegue fazer as coisas acontecer.\u201d<\/p>\n<p>Desde a sua chegada \u00e0 <a href=\"https:\/\/www.publico.pt\/arabia-saudita\" rel=\"nofollow noopener\" target=\"_blank\">Ar\u00e1bia Saudita<\/a>, em Janeiro de 2023, Ronaldo tem assumido um papel de promo\u00e7\u00e3o do pa\u00eds, sendo que o encontro com o l\u00edder norte-americano coincidiu com a primeira desloca\u00e7\u00e3o oficial de Mohammed bin Salman a Washington em sete anos.<\/p>\n<p><a href=\"https:\/\/www.publico.pt\/2025\/11\/19\/p3\/cronica\/preparados-cristiano-ronaldo-presidente-republica-2155270\" rel=\"nofollow noopener\" target=\"_blank\">Cristiano Ronaldo<\/a> foi o terceiro desportista portugu\u00eas a realizar uma visita oficial \u00e0 Casa Branca, ap\u00f3s o maratonista Carlos Lopes, medalha de ouro nos Jogos Ol\u00edmpicos de Los Angeles de 1984, que foi recebido por Ronald Reagan, e do basquetebolista Neemias Queta, vencedor da Liga norte-americana de basquetebol (NBA) pelos Boston Celtics, em 2024.<\/p>\n<p>        &#13;<br \/>\n            <a class=\"embedly-card\" data-card-controls=\"0\" href=\"https:\/\/twitter.com\/WhiteHouse\/status\/1991151873970020681\" rel=\"nofollow noopener\" target=\"_blank\">&#13;<\/p>\n<p>            <script async src=\"https:\/\/platform.twitter.com\/widgets.js\" charset=\"utf-8\"><\/script><script async src=\"\/\/www.tiktok.com\/embed.js\"><\/script><\/p>\n","protected":false},"excerpt":{"rendered":"O Partido Democrata publicou nesta quinta-feira imagens de Lionel Messi, o avan\u00e7ado argentino do Inter Miami, na sua&hellip;\n","protected":false},"author":2,"featured_media":158829,"comment_status":"","ping_status":"","sticky":false,"template":"","format":"standard","meta":{"footnotes":""},"categories":[8],"tags":[995,27,28,211,667,413,15,16,524,138,14,708,25,26,21,22,12,13,19,20,542,712,32,23,24,33,548,1934,17,18,29,30,31],"class_list":{"0":"post-158828","1":"post","2":"type-post","3":"status-publish","4":"format-standard","5":"has-post-thumbnail","7":"category-principais-noticias","8":"tag-abre-conteudo","9":"tag-breaking-news","10":"tag-breakingnews","11":"tag-celebridades","12":"tag-cristiano-ronaldo","13":"tag-eua","14":"tag-featured-news","15":"tag-featurednews","16":"tag-futebol","17":"tag-futebol-internacional","18":"tag-headlines","19":"tag-impar","20":"tag-latest-news","21":"tag-latestnews","22":"tag-main-news","23":"tag-mainnews","24":"tag-news","25":"tag-noticias","26":"tag-noticias-principais","27":"tag-noticiasprincipais","28":"tag-para-redes","29":"tag-pessoas","30":"tag-portugal","31":"tag-principais-noticias","32":"tag-principaisnoticias","33":"tag-pt","34":"tag-redes-sociais","35":"tag-tiktok","36":"tag-top-stories","37":"tag-topstories","38":"tag-ultimas","39":"tag-ultimas-noticias","40":"tag-ultimasnoticias"},"share_on_mastodon":{"url":"","error":"Validation failed: Text character limit of 500 exceeded"},"_links":{"self":[{"href":"https:\/\/www.europesays.com\/pt\/wp-json\/wp\/v2\/posts\/158828","targetHints":{"allow":["GET"]}}],"collection":[{"href":"https:\/\/www.europesays.com\/pt\/wp-json\/wp\/v2\/posts"}],"about":[{"href":"https:\/\/www.europesays.com\/pt\/wp-json\/wp\/v2\/types\/post"}],"author":[{"embeddable":true,"href":"https:\/\/www.europesays.com\/pt\/wp-json\/wp\/v2\/users\/2"}],"replies":[{"embeddable":true,"href":"https:\/\/www.europesays.com\/pt\/wp-json\/wp\/v2\/comments?post=158828"}],"version-history":[{"count":0,"href":"https:\/\/www.europesays.com\/pt\/wp-json\/wp\/v2\/posts\/158828\/revisions"}],"wp:featuredmedia":[{"embeddable":true,"href":"https:\/\/www.europesays.com\/pt\/wp-json\/wp\/v2\/media\/158829"}],"wp:attachment":[{"href":"https:\/\/www.europesays.com\/pt\/wp-json\/wp\/v2\/media?parent=158828"}],"wp:term":[{"taxonomy":"category","embeddable":true,"href":"https:\/\/www.europesays.com\/pt\/wp-json\/wp\/v2\/categories?post=158828"},{"taxonomy":"post_tag","embeddable":true,"href":"https:\/\/www.europesays.com\/pt\/wp-json\/wp\/v2\/tags?post=158828"}],"curies":[{"name":"wp","href":"https:\/\/api.w.org\/{rel}","templated":true}]}}