{"id":15884,"date":"2025-08-04T17:24:10","date_gmt":"2025-08-04T17:24:10","guid":{"rendered":"https:\/\/www.europesays.com\/pt\/15884\/"},"modified":"2025-08-04T17:24:10","modified_gmt":"2025-08-04T17:24:10","slug":"liga-europa-sp-braga-defronta-lincoln-red-imps-ou-noah-caso-atinja-o-play-off","status":"publish","type":"post","link":"https:\/\/www.europesays.com\/pt\/15884\/","title":{"rendered":"Liga Europa: Sp. Braga defronta Lincoln Red Imps ou Noah caso atinja o play-off"},"content":{"rendered":"<p style=\"margin-bottom:11px\">O Sp. Braga ter\u00e1 como advers\u00e1rio no play-off de acesso \u00e0 fase regular da Liga Europa o Lincoln Red Imps ou o Noah. Os arsenalistas, recorde-se, t\u00eam ainda de superar o Cluj, na terceira pr\u00e9-eliminat\u00f3ria, para atingirem a derradeira fase de qualifica\u00e7\u00e3o para a segunda prova mais importante de clubes a n\u00edvel europeu.<\/p>\n<p>No caminho do Sp. Braga para a Liga Europa poder\u00e1 vir a estar o Noah, da Arm\u00e9nia, que conta com v\u00e1rios futebolistas portugueses e, na \u00e9poca passada, foi orientado por Rui Mota.<\/p>\n<p><a href=\"https:\/\/maisfutebol.iol.pt\/futebol\/armenia\/armenia-noah-de-rui-mota-sagra-se-campeao-pela-primeira-vez\" target=\"_blank\" rel=\"nofollow noopener\">Campe\u00e3o da Arm\u00e9nia em t\u00edtulo<\/a>, a equipa de Yerevan deu nas vistas, na \u00faltima \u00e9poca, <a href=\"https:\/\/maisfutebol.iol.pt\/noah\/liga-europa\/liga-conferencia-portugueses-para-a-historia-do-futebol-armenio\" target=\"_blank\" rel=\"nofollow noopener\">ap\u00f3s ter superado a fase de qualifica\u00e7\u00e3o para a Liga Confer\u00eancia<\/a>.<\/p>\n<p>David Sualehe, Gon\u00e7alo Silva, H\u00e9lder Ferreira e Gon\u00e7alo Greg\u00f3rio s\u00e3o os portugueses que atuam no Noah, que conta ainda com alguns jogadores com passado no nosso futebol, casos de Zolotic e Yan Eteki (ambos ex-Casa Pia).<\/p>\n<p>O outro poss\u00edvel advers\u00e1rio do Sp. Braga no play-off \u00e9 o Lincoln Red Imps, de Gibraltar, que tem como capit\u00e3o o portugu\u00eas, entretanto naturalizado gibraltino, Bernardo Lopes.<\/p>\n<p>Hegem\u00f3nico em Gibraltar, onde \u00e9 campe\u00e3o h\u00e1 sete temporadas consecutivas e conquistou 21 dos \u00faltimos 22 campeonatos disputados, o Lincoln Red Imps chega a esta fase da Liga da Europa depois de ter sido afastado, pelo Estrela Vermelha, da segunda pr\u00e9-eliminat\u00f3ria da Champions.<\/p>\n<p>Os encontros do play-off de acesso \u00e0 Liga Europa disputam-se nos dias 21 e 28 de agosto.<\/p>\n<p>Caso falhe o play-off da Liga Europa, o Sp. Braga segue para o da Liga Confer\u00eancia, onde ir\u00e1 jogar contra os suecos do Hacken ou os noruegueses do Brann.<\/p>\n","protected":false},"excerpt":{"rendered":"O Sp. Braga ter\u00e1 como advers\u00e1rio no play-off de acesso \u00e0 fase regular da Liga Europa o Lincoln&hellip;\n","protected":false},"author":2,"featured_media":15885,"comment_status":"","ping_status":"","sticky":false,"template":"","format":"standard","meta":{"footnotes":""},"categories":[87],"tags":[135,524,82,137,1356,46,32,33,47,1233,134],"class_list":{"0":"post-15884","1":"post","2":"type-post","3":"status-publish","4":"format-standard","5":"has-post-thumbnail","7":"category-desporto","8":"tag-desporto","9":"tag-futebol","10":"tag-internacional","11":"tag-liga-europa","12":"tag-mais-futebol","13":"tag-maisfutebol","14":"tag-portugal","15":"tag-pt","16":"tag-pura-paixao","17":"tag-sp-braga","18":"tag-sports"},"share_on_mastodon":{"url":"","error":""},"_links":{"self":[{"href":"https:\/\/www.europesays.com\/pt\/wp-json\/wp\/v2\/posts\/15884","targetHints":{"allow":["GET"]}}],"collection":[{"href":"https:\/\/www.europesays.com\/pt\/wp-json\/wp\/v2\/posts"}],"about":[{"href":"https:\/\/www.europesays.com\/pt\/wp-json\/wp\/v2\/types\/post"}],"author":[{"embeddable":true,"href":"https:\/\/www.europesays.com\/pt\/wp-json\/wp\/v2\/users\/2"}],"replies":[{"embeddable":true,"href":"https:\/\/www.europesays.com\/pt\/wp-json\/wp\/v2\/comments?post=15884"}],"version-history":[{"count":0,"href":"https:\/\/www.europesays.com\/pt\/wp-json\/wp\/v2\/posts\/15884\/revisions"}],"wp:featuredmedia":[{"embeddable":true,"href":"https:\/\/www.europesays.com\/pt\/wp-json\/wp\/v2\/media\/15885"}],"wp:attachment":[{"href":"https:\/\/www.europesays.com\/pt\/wp-json\/wp\/v2\/media?parent=15884"}],"wp:term":[{"taxonomy":"category","embeddable":true,"href":"https:\/\/www.europesays.com\/pt\/wp-json\/wp\/v2\/categories?post=15884"},{"taxonomy":"post_tag","embeddable":true,"href":"https:\/\/www.europesays.com\/pt\/wp-json\/wp\/v2\/tags?post=15884"}],"curies":[{"name":"wp","href":"https:\/\/api.w.org\/{rel}","templated":true}]}}