{"id":158855,"date":"2025-11-20T13:43:09","date_gmt":"2025-11-20T13:43:09","guid":{"rendered":"https:\/\/www.europesays.com\/pt\/158855\/"},"modified":"2025-11-20T13:43:09","modified_gmt":"2025-11-20T13:43:09","slug":"ugt-entrega-pre-aviso-de-greve-geral-ao-governo","status":"publish","type":"post","link":"https:\/\/www.europesays.com\/pt\/158855\/","title":{"rendered":"UGT entrega pr\u00e9-aviso de greve geral ao Governo"},"content":{"rendered":"<p>                <b>A central sindical vai entregar, ao final da manh\u00e3 desta quinta-feira, o pr\u00e9-aviso de greve geral no Minist\u00e9rio do Trabalho. Paralisa\u00e7\u00e3o que une duas centrais sindicais: UGT e CGTP. A \u00faltima vez que aconteceu foi em 2013, na altura da Troika.<\/b><\/p>\n<p>A CGTP, que j\u00e1 entregou o pr\u00e9-aviso na segunda-feira e garantiu que, ainda assim, mant\u00e9m disponibilidade para negociar depois disso.<\/p>\n<p><b>Esta greve surge em resposta \u00e0s altera\u00e7\u00f5es que o Governo quer fazer \u00e0 Lei Laboral<\/b>.<\/p>\n<p>&#8220;A UGT vai continuar a dialogar e vai continuar a negociar&#8221;, disse o l\u00edder da UGT, M\u00e1rio Mour\u00e3o, em declara\u00e7\u00f5es aos jornalistas na quarta-feira, \u00e0 entrada da reuni\u00e3o bilateral com a ministra do Trabalho, Solidariedade e Seguran\u00e7a Social.<\/p>\n<p><b>Ap\u00f3s o an\u00fancio da greve geral, o Minist\u00e9rio do Trabalho entregou \u00e0 UGT uma nova proposta, com algumas altera\u00e7\u00f5es ao anteprojeto apresentado em julho, mas que a central sindical diz ser &#8220;muito pouco&#8221; para desconvocar a paralisa\u00e7\u00e3o.<\/b><\/p>\n<p>No documento, o Governo cede em mat\u00e9rias como a simplifica\u00e7\u00e3o dos despedimentos em m\u00e9dias empresas ou a redu\u00e7\u00e3o do n\u00famero de horas de forma\u00e7\u00e3o obrigat\u00f3rias nas microempresas, abre a porta \u00e0 reposi\u00e7\u00e3o dos tr\u00eas dias de f\u00e9rias ligados \u00e0 assiduidade abolidos na &#8216;troika&#8217;, entre outras, mas mant\u00e9m algumas medidas bastantes criticadas pelas centrais sindicais, como regresso do banco de horas individual ou a revoga\u00e7\u00e3o da norma que prev\u00ea restri\u00e7\u00f5es ao &#8216;outsourcing&#8217; em caso de despedimento.<\/p>\n<p>Na quarta-feira, a ministra do Trabalho disse que ia dar mais tempo \u00e0 UGT para analisar a nova proposta do Governo de altera\u00e7\u00e3o \u00e0 lei laboral, enquanto o secret\u00e1rio-geral da central aplaudiu a \u201cmaior abertura\u201d do executivo.<\/p>\n<p>\u201cA UGT pediu mais tempo para analisar o anteprojeto [de reforma \u00e0 legisla\u00e7\u00e3o laboral] e para analisar as propostas de altera\u00e7\u00e3o ao mesmo que t\u00ednhamos avan\u00e7ado na \u00faltima reuni\u00e3o\u201d, afirmou ministra do Trabalho, Solidariedade e Seguran\u00e7a Social, em declara\u00e7\u00f5es aos jornalistas, ap\u00f3s uma reuni\u00e3o bilateral com a UGT.<\/p>\n<p>E dada \u201ca import\u00e2ncia deste dossier\u201d e pelo facto de esta central sindical ser \u201cum parceiro muito forte\u201d, o executivo \u201cconceder\u00e1 \u00e0 UGT o tempo suficiente para fazer essa an\u00e1lise\u201d, acrescentou a governante.&#13;\n            <\/p>\n","protected":false},"excerpt":{"rendered":"A central sindical vai entregar, ao final da manh\u00e3 desta quinta-feira, o pr\u00e9-aviso de greve geral no Minist\u00e9rio&hellip;\n","protected":false},"author":2,"featured_media":158856,"comment_status":"","ping_status":"","sticky":false,"template":"","format":"standard","meta":{"footnotes":""},"categories":[10],"tags":[27,28,15,16,14,25,26,21,22,12,13,19,20,32,23,24,33,420,421,17,18,29,30,31],"class_list":{"0":"post-158855","1":"post","2":"type-post","3":"status-publish","4":"format-standard","5":"has-post-thumbnail","7":"category-portugal","8":"tag-breaking-news","9":"tag-breakingnews","10":"tag-featured-news","11":"tag-featurednews","12":"tag-headlines","13":"tag-latest-news","14":"tag-latestnews","15":"tag-main-news","16":"tag-mainnews","17":"tag-news","18":"tag-noticias","19":"tag-noticias-principais","20":"tag-noticiasprincipais","21":"tag-portugal","22":"tag-principais-noticias","23":"tag-principaisnoticias","24":"tag-pt","25":"tag-rtp","26":"tag-rtp-noticias","27":"tag-top-stories","28":"tag-topstories","29":"tag-ultimas","30":"tag-ultimas-noticias","31":"tag-ultimasnoticias"},"share_on_mastodon":{"url":"https:\/\/pubeurope.com\/@pt\/115582324302547159","error":""},"_links":{"self":[{"href":"https:\/\/www.europesays.com\/pt\/wp-json\/wp\/v2\/posts\/158855","targetHints":{"allow":["GET"]}}],"collection":[{"href":"https:\/\/www.europesays.com\/pt\/wp-json\/wp\/v2\/posts"}],"about":[{"href":"https:\/\/www.europesays.com\/pt\/wp-json\/wp\/v2\/types\/post"}],"author":[{"embeddable":true,"href":"https:\/\/www.europesays.com\/pt\/wp-json\/wp\/v2\/users\/2"}],"replies":[{"embeddable":true,"href":"https:\/\/www.europesays.com\/pt\/wp-json\/wp\/v2\/comments?post=158855"}],"version-history":[{"count":0,"href":"https:\/\/www.europesays.com\/pt\/wp-json\/wp\/v2\/posts\/158855\/revisions"}],"wp:featuredmedia":[{"embeddable":true,"href":"https:\/\/www.europesays.com\/pt\/wp-json\/wp\/v2\/media\/158856"}],"wp:attachment":[{"href":"https:\/\/www.europesays.com\/pt\/wp-json\/wp\/v2\/media?parent=158855"}],"wp:term":[{"taxonomy":"category","embeddable":true,"href":"https:\/\/www.europesays.com\/pt\/wp-json\/wp\/v2\/categories?post=158855"},{"taxonomy":"post_tag","embeddable":true,"href":"https:\/\/www.europesays.com\/pt\/wp-json\/wp\/v2\/tags?post=158855"}],"curies":[{"name":"wp","href":"https:\/\/api.w.org\/{rel}","templated":true}]}}