{"id":158861,"date":"2025-11-20T13:49:19","date_gmt":"2025-11-20T13:49:19","guid":{"rendered":"https:\/\/www.europesays.com\/pt\/158861\/"},"modified":"2025-11-20T13:49:19","modified_gmt":"2025-11-20T13:49:19","slug":"radio-educadora-90-3-fm-previsao-do-tempo-para-os-proximos-5-dias-em-santa-catarina-89","status":"publish","type":"post","link":"https:\/\/www.europesays.com\/pt\/158861\/","title":{"rendered":"R\u00e1dio Educadora 90.3 FM \u00bb Previs\u00e3o do tempo para os pr\u00f3ximos 5 dias em Santa Catarina"},"content":{"rendered":"<p>                                <a href=\"\" title=\"Previs\u00e3o do tempo para os pr\u00f3ximos 5 dias em Santa Catarina\">&#13;<br \/>\n                                    <img decoding=\"async\" src=\"https:\/\/www.europesays.com\/pt\/wp-content\/uploads\/2025\/11\/1763646555_364_whatsapp-image-2024-07-11-at-17-35-22.jpeg\" title=\"Previs\u00e3o do tempo para os pr\u00f3ximos 5 dias em Santa Catarina\" alt=\"Previs\u00e3o do tempo para os pr\u00f3ximos 5 dias em Santa Catarina\"\/>&#13;<br \/>\n                                <\/a><\/p>\n<p class=\"has-text-align-center\" style=\"text-align: center;\" data-raofz=\"16\"><strong>Elaborado em:<\/strong>\u00a020\/11\/2025 \u00e0s 05:00 \u2013 N\u00b0 324\/2025<\/p>\n<p style=\"text-align: center;\" data-raofz=\"16\">\u00a0<\/p>\n<p class=\"has-text-align-center\" style=\"text-align: center;\" data-raofz=\"16\"><strong>Meteorologista:\u00a0<\/strong>Eduardo Cho-Luck<\/p>\n<p style=\"text-align: center;\" data-raofz=\"16\">\u00a0<\/p>\n<p class=\"has-text-align-center\" style=\"text-align: center;\" data-raofz=\"16\"><strong>QUINTA-FEIRA (20)<\/strong><\/p>\n<p data-raofz=\"16\">\u00a0<\/p>\n<p class=\"has-text-align-left\" data-raofz=\"16\"><strong>Nesta quinta-feira (20)<\/strong>, o tempo segue firme em todo o estado de Santa Catarina. O c\u00e9u amanhece pontualmente com poucas nuvens, evoluindo para uma condi\u00e7\u00e3o de predom\u00ednio de sol ao longo do dia.\u00a0<strong>N\u00e3o h\u00e1 risco para ocorr\u00eancias associadas \u00e0s condi\u00e7\u00f5es de tempo<\/strong>. No Litoral Sul, o vento de nordeste ganha for\u00e7a com rajadas entre 50 e 70 km\/h, favorecendo a agita\u00e7\u00e3o mar\u00edtima, com ondas entre 2 e 2,5 m e\u00a0<strong>risco moderado para ocorr\u00eancias<\/strong>. \u00c0 tarde, as m\u00e1ximas se aproximam dos 30\u00b0C no Oeste, enquanto que no Litoral e Vale do Itaja\u00ed variam entre 25\/27\u00b0C. Nas demais \u00e1reas, os term\u00f4metros ficam entre 19\u00b0C e 23\u00b0C.<\/p>\n<p class=\"has-text-align-left\" data-raofz=\"16\">\u00a0<\/p>\n<p><img decoding=\"async\" loading=\"lazy\" class=\"wp-image-14307 aligncenter\" src=\"https:\/\/www.europesays.com\/pt\/wp-content\/uploads\/2025\/11\/image-270-1024x699.png\"   alt=\"\" width=\"557\" height=\"380\"\/><\/p>\n<p class=\"has-text-align-center\" style=\"text-align: center;\" data-raofz=\"16\">\n<strong>SEXTA-FEIRA (21)<\/strong><\/p>\n<p data-raofz=\"16\">\u00a0<\/p>\n<p class=\"has-text-align-left\" data-raofz=\"16\"><strong>Na sexta-feira (21)<\/strong>,<strong>\u00a0<\/strong>o tempo se mant\u00e9m firme em todo o estado de Santa Catarina. O sistema de alta press\u00e3o se afasta para o oceano, favorecendo o aumento das temperaturas em todas as regi\u00f5es. Nos planaltos, as m\u00ednimas ficam entre 6\u00b0C e 10\u00b0C, enquanto nas \u00e1reas restantes, variam entre 15\u00b0C e 17\u00b0C. J\u00e1 as m\u00e1ximas, alcan\u00e7am valores entre 29\u00b0C e 32\u00b0C no Grande Oeste e no Litoral Sul, as demais regi\u00f5es registram m\u00e1ximas que oscilam entre 28\u00b0C e 30\u00b0C. Em rela\u00e7\u00e3o \u00e0s condi\u00e7\u00f5es mar\u00edtimas, o dia inicia com ondas entre 2 e 2,5 m no Litoral Sul, diminuindo ao longo do dia.<\/p>\n<p class=\"has-text-align-left\" data-raofz=\"16\">\u00a0<\/p>\n<p><img decoding=\"async\" loading=\"lazy\" class=\"wp-image-14308 aligncenter\" title=\"02.png\" src=\"https:\/\/www.europesays.com\/pt\/wp-content\/uploads\/2025\/11\/image-271-1024x697.png\"   alt=\"\" width=\"555\" height=\"378\"\/><\/p>\n<p data-raofz=\"16\">\u00a0<\/p>\n<p class=\"has-text-align-center\" style=\"text-align: center;\" data-raofz=\"16\"><strong>S\u00c1BADO (22)<\/strong><\/p>\n<p data-raofz=\"16\">\u00a0<\/p>\n<p class=\"has-text-align-left\" data-raofz=\"16\"><strong>O s\u00e1bado (22)<\/strong>\u00a0come\u00e7a com tempo firme e presen\u00e7a de sol, mantendo a tend\u00eancia dos dias anteriores. Contudo, a forma\u00e7\u00e3o de um sistema de baixa press\u00e3o na costa do Uruguai favorece o retorno das instabilidades em todo o estado de Santa Catarina. A partir da tarde, h\u00e1 condi\u00e7\u00f5es para temporais, especialmente no Grande Oeste e nas \u00e1reas de divisa com o Rio Grande do Sul, que avan\u00e7am para as demais regi\u00f5es entre a tarde e \u00e0 noite.\u00a0<strong>Risco baixo a moderado para ocorr\u00eancias associadas a destelhamentos, danos na rede el\u00e9trica, queda de galhos e alagamentos pontuais.<\/strong><\/p>\n<p class=\"has-text-align-left\" data-raofz=\"16\">\u00a0<\/p>\n<p><img decoding=\"async\" loading=\"lazy\" class=\"wp-image-14309 aligncenter\" title=\"02.png\" src=\"https:\/\/www.europesays.com\/pt\/wp-content\/uploads\/2025\/11\/02-1024x694.png\"   alt=\"\" width=\"555\" height=\"376\"\/><\/p>\n<p data-raofz=\"16\">\u00a0<\/p>\n<p class=\"has-text-align-center\" style=\"text-align: center;\" data-raofz=\"16\"><strong>TEND\u00caNCIA PARA OS PR\u00d3XIMOS DIAS<\/strong><\/p>\n<p data-raofz=\"16\">\u00a0<\/p>\n<p data-raofz=\"16\">Entre o\u00a0<strong>domingo (23)<\/strong>\u00a0e a\u00a0<strong>segunda-feira (24)<\/strong>, a atua\u00e7\u00e3o de um sistema de alta press\u00e3o ap\u00f3s a passagem da frente fria mant\u00e9m o transporte de umidade do oceano para o litoral de Santa Catarina. Essa condi\u00e7\u00e3o deixa o tempo inst\u00e1vel, favorecendo a presen\u00e7a de nuvens e a ocorr\u00eancia de chuva em toda a faixa litor\u00e2nea.<\/p>\n<p data-raofz=\"16\">\u00a0<\/p>\n<p><img decoding=\"async\" loading=\"lazy\" class=\"wp-image-2894 aligncenter\" src=\"https:\/\/www.europesays.com\/pt\/wp-content\/uploads\/2025\/11\/rodape-1024x195.png\"   alt=\"\" width=\"557\" height=\"106\"\/><\/p>\n<p>\u00a0<\/p>\n<p>                Fonte: Secretaria de Estado de Prote\u00e7\u00e3o e Defesa Civil                <\/p>\n","protected":false},"excerpt":{"rendered":"&#13; &#13; Elaborado em:\u00a020\/11\/2025 \u00e0s 05:00 \u2013 N\u00b0 324\/2025 \u00a0 Meteorologista:\u00a0Eduardo Cho-Luck \u00a0 QUINTA-FEIRA (20) \u00a0 Nesta quinta-feira&hellip;\n","protected":false},"author":2,"featured_media":88836,"comment_status":"","ping_status":"","sticky":false,"template":"","format":"standard","meta":{"footnotes":""},"categories":[141],"tags":[114,115,149,150,32,33],"class_list":{"0":"post-158861","1":"post","2":"type-post","3":"status-publish","4":"format-standard","5":"has-post-thumbnail","7":"category-musica","8":"tag-entertainment","9":"tag-entretenimento","10":"tag-music","11":"tag-musica","12":"tag-portugal","13":"tag-pt"},"share_on_mastodon":{"url":"https:\/\/pubeurope.com\/@pt\/115582348198073175","error":""},"_links":{"self":[{"href":"https:\/\/www.europesays.com\/pt\/wp-json\/wp\/v2\/posts\/158861","targetHints":{"allow":["GET"]}}],"collection":[{"href":"https:\/\/www.europesays.com\/pt\/wp-json\/wp\/v2\/posts"}],"about":[{"href":"https:\/\/www.europesays.com\/pt\/wp-json\/wp\/v2\/types\/post"}],"author":[{"embeddable":true,"href":"https:\/\/www.europesays.com\/pt\/wp-json\/wp\/v2\/users\/2"}],"replies":[{"embeddable":true,"href":"https:\/\/www.europesays.com\/pt\/wp-json\/wp\/v2\/comments?post=158861"}],"version-history":[{"count":0,"href":"https:\/\/www.europesays.com\/pt\/wp-json\/wp\/v2\/posts\/158861\/revisions"}],"wp:featuredmedia":[{"embeddable":true,"href":"https:\/\/www.europesays.com\/pt\/wp-json\/wp\/v2\/media\/88836"}],"wp:attachment":[{"href":"https:\/\/www.europesays.com\/pt\/wp-json\/wp\/v2\/media?parent=158861"}],"wp:term":[{"taxonomy":"category","embeddable":true,"href":"https:\/\/www.europesays.com\/pt\/wp-json\/wp\/v2\/categories?post=158861"},{"taxonomy":"post_tag","embeddable":true,"href":"https:\/\/www.europesays.com\/pt\/wp-json\/wp\/v2\/tags?post=158861"}],"curies":[{"name":"wp","href":"https:\/\/api.w.org\/{rel}","templated":true}]}}