{"id":158862,"date":"2025-11-20T13:52:11","date_gmt":"2025-11-20T13:52:11","guid":{"rendered":"https:\/\/www.europesays.com\/pt\/158862\/"},"modified":"2025-11-20T13:52:11","modified_gmt":"2025-11-20T13:52:11","slug":"a-especiaria-com-efeito-antidepressivo-e-que-melhora-a-funcao-sexual","status":"publish","type":"post","link":"https:\/\/www.europesays.com\/pt\/158862\/","title":{"rendered":"A especiaria com efeito antidepressivo e que melhora a fun\u00e7\u00e3o sexual"},"content":{"rendered":"<p>Sabia que o a\u00e7afr\u00e3o poder\u00e1 ser usado como um antidepressivo natural?<\/p>\n<p>Segundo o psiquiatra Daniel Amen revelou \u00e0 Fox News, esta especiaria \u00e9 uma grande aliada da sa\u00fade mental.\u00a0<\/p>\n<p>&#8220;Eu adoro a\u00e7afr\u00e3o&#8221;, real\u00e7ou, destacando estudos que mostraram que apenas 30 miligramas de a\u00e7afr\u00e3o eram &#8220;t\u00e3o eficazes&#8221; como alguns antidepressivos.\u00a0<\/p>\n<p>Ora, embora a maioria dos ISRSs (inibidores seletivos da recapta\u00e7\u00e3o de serotonina) ajudem a melhorar o humor, tamb\u00e9m poder\u00e3o afetar a fun\u00e7\u00e3o sexual. O a\u00e7afr\u00e3o, indica o especialista, faz o oposto.<\/p>\n<p>&#8220;Como psiquiatra, n\u00e3o quero arruinar a vida amorosa dos meus pacientes&#8221;, real\u00e7a. &#8220;O a\u00e7afr\u00e3o aumenta a fun\u00e7\u00e3o sexual&#8221;.<\/p>\n<p>Estudos anteriormente feito j\u00e1 demonstraram que o a\u00e7afr\u00e3o auxilia na mem\u00f3ria e concentra\u00e7\u00e3o.\u00a0<\/p>\n<p>Uma pesquisa, publicada pela Reviews in Clinical Medicine este ano, tamb\u00e9m associou o a\u00e7afr\u00e3o \u00e0 diminui\u00e7\u00e3o dos sintomas da s\u00edndrome pr\u00e9-menstrual (TPM).<\/p>\n<p>Um outro estudo, tamb\u00e9m publicado este ano, pela Cambridge University Press, destacou o papel importante que a especiaria tem no al\u00edvio dos sintomas de depress\u00e3o.\u00a0<\/p>\n<p>Tamb\u00e9m se concluiu que a combina\u00e7\u00e3o de suplementos como zinco e curcumina (compostos naturais encontrados na c\u00farcuma) com antidepressivos melhorou os sintomas de depress\u00e3o.\u00a0<\/p>\n<p>&#8220;Se toma um antidepressivo e quer aumentar a sua efic\u00e1cia, pense em zinco e curcumina&#8221;, aconselhou o psiquiatra. &#8220;A\u00e7afr\u00e3o, zinco e curcumina formam uma \u00f3tima combina\u00e7\u00e3o&#8221;, completou.\u00a0<\/p>\n<p>Outros benef\u00edcios do a\u00e7afr\u00e3o&#8230;<\/p>\n<p>Para al\u00e9m das j\u00e1 referidas, existem mais boas raz\u00f5es para aumentar o consumo de a\u00e7afr\u00e3o. Destacamos tr\u00eas:<\/p>\n<p>Aliado da perda de peso<\/p>\n<p>Existem v\u00e1rios estudos que associam a curcumina \u00e0 perda de peso e \u00e0 redu\u00e7\u00e3o do IMC. O a\u00e7afr\u00e3o pode ajudar a mitigar a inflama\u00e7\u00e3o associada \u00e0 obesidade e ajudar na queima de gordura.<\/p>\n<p>Ajuda a melhorar o seu humor<\/p>\n<p>A curcumina pode ajudar a combater a inflama\u00e7\u00e3o no corpo &#8211; e a inflama\u00e7\u00e3o pode desempenhar um papel na depress\u00e3o.\u00a0<\/p>\n<p>Controla o a\u00e7\u00facar presente no sangue<\/p>\n<p>Uma pesquisa sobre curcumina, publicada no Journal of Nutrition &amp; Intermediary Metabolism, sugere que esta pode funcionar como um agente hipoglic\u00e9mico &#8211; diminuindo e ajudando a controlar os n\u00edveis de glicose no sangue em pessoas com diabetes tipo 2.<\/p>\n<p>Como saber se o a\u00e7afr\u00e3o \u00e9 de boa qualidade?<\/p>\n<p>Se quiser saber se o a\u00e7afr\u00e3o em p\u00f3 que comprou \u00e9 de boa qualidade, ent\u00e3o h\u00e1 um teste simples que poder\u00e1 fazer em casa.<\/p>\n<p>Conforme explica o Informe Brasil, deve aquecer um copo de \u00e1gua at\u00e9 que este estar bem quente. Depois, adicione uma colher de sopa de a\u00e7afr\u00e3o em p\u00f3 na \u00e1gua, sem mexer.<\/p>\n<p>Se o a\u00e7afr\u00e3o ficar concentrado no fundo do copo, isso significa que \u00e9 de boa qualidade.\u00a0<\/p>\n<p>                                                    <img decoding=\"async\" src=\"https:\/\/www.europesays.com\/pt\/wp-content\/uploads\/2025\/11\/naom_691da3b76fbab.jpg\" border=\"0\" alt=\"\u00c1rvore da vida: A planta poderosa que faz bem ao cora\u00e7\u00e3o e ao sangue\"\/><\/p>\n<p>Moringa, mais conhecida como &#8220;\u00e1rvore da vida&#8221;, \u00e9 uma planta poderosa proveniente de uma \u00e1rvore com benef\u00edcios surpreendentes para a sa\u00fade. Cont\u00e9m vitaminas A, C, E, K e do complexo B, para al\u00e9m de um elevado n\u00edvel proteico.<\/p>\n<p>                                                     Mariline Direito Rodrigues | 11:05 &#8211; 19\/11\/2025 <\/p>\n","protected":false},"excerpt":{"rendered":"Sabia que o a\u00e7afr\u00e3o poder\u00e1 ser usado como um antidepressivo natural? Segundo o psiquiatra Daniel Amen revelou \u00e0&hellip;\n","protected":false},"author":2,"featured_media":158863,"comment_status":"","ping_status":"","sticky":false,"template":"","format":"standard","meta":{"footnotes":""},"categories":[86],"tags":[116,32,33,117],"class_list":{"0":"post-158862","1":"post","2":"type-post","3":"status-publish","4":"format-standard","5":"has-post-thumbnail","7":"category-saude","8":"tag-health","9":"tag-portugal","10":"tag-pt","11":"tag-saude"},"share_on_mastodon":{"url":"https:\/\/pubeurope.com\/@pt\/115582359755861305","error":""},"_links":{"self":[{"href":"https:\/\/www.europesays.com\/pt\/wp-json\/wp\/v2\/posts\/158862","targetHints":{"allow":["GET"]}}],"collection":[{"href":"https:\/\/www.europesays.com\/pt\/wp-json\/wp\/v2\/posts"}],"about":[{"href":"https:\/\/www.europesays.com\/pt\/wp-json\/wp\/v2\/types\/post"}],"author":[{"embeddable":true,"href":"https:\/\/www.europesays.com\/pt\/wp-json\/wp\/v2\/users\/2"}],"replies":[{"embeddable":true,"href":"https:\/\/www.europesays.com\/pt\/wp-json\/wp\/v2\/comments?post=158862"}],"version-history":[{"count":0,"href":"https:\/\/www.europesays.com\/pt\/wp-json\/wp\/v2\/posts\/158862\/revisions"}],"wp:featuredmedia":[{"embeddable":true,"href":"https:\/\/www.europesays.com\/pt\/wp-json\/wp\/v2\/media\/158863"}],"wp:attachment":[{"href":"https:\/\/www.europesays.com\/pt\/wp-json\/wp\/v2\/media?parent=158862"}],"wp:term":[{"taxonomy":"category","embeddable":true,"href":"https:\/\/www.europesays.com\/pt\/wp-json\/wp\/v2\/categories?post=158862"},{"taxonomy":"post_tag","embeddable":true,"href":"https:\/\/www.europesays.com\/pt\/wp-json\/wp\/v2\/tags?post=158862"}],"curies":[{"name":"wp","href":"https:\/\/api.w.org\/{rel}","templated":true}]}}