{"id":158866,"date":"2025-11-20T13:59:33","date_gmt":"2025-11-20T13:59:33","guid":{"rendered":"https:\/\/www.europesays.com\/pt\/158866\/"},"modified":"2025-11-20T13:59:33","modified_gmt":"2025-11-20T13:59:33","slug":"detido-em-matosinhos-com-pistola-metralhadora-russa","status":"publish","type":"post","link":"https:\/\/www.europesays.com\/pt\/158866\/","title":{"rendered":"Detido em Matosinhos com pistola-metralhadora russa"},"content":{"rendered":"<p data-remotead-prev-elm=\"true\" data-remotead-elm-id=\"inread\">A investiga\u00e7\u00e3o, iniciada no in\u00edcio de 2025, permitiu recolher ind\u00edcios de que o detido possu\u00eda armas de fogo, sem que fosse detentor da necess\u00e1ria habilita\u00e7\u00e3o legal.<\/p>\n<p>No cumprimento de mandados de busca, emitidos pelas autoridades judici\u00e1rias, foram apreendidas sete armas de fogo, uma delas uma pistola-metralhadora de fabrico russo e com carregador de tambor, e diversas muni\u00e7\u00f5es de distintos calibres.<\/p>\n<p>O detido, sem antecedentes criminais, vai ser presente \u00e0 autoridade judici\u00e1ria competente para aplica\u00e7\u00e3o de medidas de coa\u00e7\u00e3o.<\/p>\n","protected":false},"excerpt":{"rendered":"A investiga\u00e7\u00e3o, iniciada no in\u00edcio de 2025, permitiu recolher ind\u00edcios de que o detido possu\u00eda armas de fogo,&hellip;\n","protected":false},"author":2,"featured_media":158867,"comment_status":"","ping_status":"","sticky":false,"template":"","format":"standard","meta":{"footnotes":""},"categories":[8],"tags":[27,28,15,16,14,603,25,26,21,22,6406,12,13,19,20,33900,4107,32,23,24,33,17,18,29,30,31],"class_list":{"0":"post-158866","1":"post","2":"type-post","3":"status-publish","4":"format-standard","5":"has-post-thumbnail","7":"category-principais-noticias","8":"tag-breaking-news","9":"tag-breakingnews","10":"tag-featured-news","11":"tag-featurednews","12":"tag-headlines","13":"tag-justica","14":"tag-latest-news","15":"tag-latestnews","16":"tag-main-news","17":"tag-mainnews","18":"tag-matosinhos","19":"tag-news","20":"tag-noticias","21":"tag-noticias-principais","22":"tag-noticiasprincipais","23":"tag-pistola-metralhadora","24":"tag-pj","25":"tag-portugal","26":"tag-principais-noticias","27":"tag-principaisnoticias","28":"tag-pt","29":"tag-top-stories","30":"tag-topstories","31":"tag-ultimas","32":"tag-ultimas-noticias","33":"tag-ultimasnoticias"},"share_on_mastodon":{"url":"https:\/\/pubeurope.com\/@pt\/115582387184666803","error":""},"_links":{"self":[{"href":"https:\/\/www.europesays.com\/pt\/wp-json\/wp\/v2\/posts\/158866","targetHints":{"allow":["GET"]}}],"collection":[{"href":"https:\/\/www.europesays.com\/pt\/wp-json\/wp\/v2\/posts"}],"about":[{"href":"https:\/\/www.europesays.com\/pt\/wp-json\/wp\/v2\/types\/post"}],"author":[{"embeddable":true,"href":"https:\/\/www.europesays.com\/pt\/wp-json\/wp\/v2\/users\/2"}],"replies":[{"embeddable":true,"href":"https:\/\/www.europesays.com\/pt\/wp-json\/wp\/v2\/comments?post=158866"}],"version-history":[{"count":0,"href":"https:\/\/www.europesays.com\/pt\/wp-json\/wp\/v2\/posts\/158866\/revisions"}],"wp:featuredmedia":[{"embeddable":true,"href":"https:\/\/www.europesays.com\/pt\/wp-json\/wp\/v2\/media\/158867"}],"wp:attachment":[{"href":"https:\/\/www.europesays.com\/pt\/wp-json\/wp\/v2\/media?parent=158866"}],"wp:term":[{"taxonomy":"category","embeddable":true,"href":"https:\/\/www.europesays.com\/pt\/wp-json\/wp\/v2\/categories?post=158866"},{"taxonomy":"post_tag","embeddable":true,"href":"https:\/\/www.europesays.com\/pt\/wp-json\/wp\/v2\/tags?post=158866"}],"curies":[{"name":"wp","href":"https:\/\/api.w.org\/{rel}","templated":true}]}}