{"id":158870,"date":"2025-11-20T14:04:27","date_gmt":"2025-11-20T14:04:27","guid":{"rendered":"https:\/\/www.europesays.com\/pt\/158870\/"},"modified":"2025-11-20T14:04:27","modified_gmt":"2025-11-20T14:04:27","slug":"nao-sei-como-e-que-os-outros-pink-floyd-o-aturaram-tanto-tempo-roger-waters-e-um-ser-humano-triste-irrelevante-e-velho-expresso","status":"publish","type":"post","link":"https:\/\/www.europesays.com\/pt\/158870\/","title":{"rendered":"\u201cN\u00e3o sei como \u00e9 que os outros Pink Floyd o aturaram tanto tempo. Roger Waters \u00e9 um ser humano triste, irrelevante e velho\u201d &#8211; Expresso"},"content":{"rendered":"<ol>\n<li><a href=\"https:\/\/news.google.com\/rss\/articles\/CBMi-AFBVV95cUxPZzRvOEVRakx3b3NlS2o3TlFQaW5RbVhqWC1DNzRIdEt6WGhWMXk5U3NaUmQxUWdLV2MzRFU0eFR3bXRrNDZhVUMyX3JDYWQweHdFeWJpeHJxa3RjWjU3RFprQTQ4Q0N1NTRubGR1dWNkdGlSVi1VZ2taRFN3OUd1VUh5aHpLLXhzMHJDX0VzUHpjajBQbnVGU0hzX2lOdW9aVzFLeS12VEF0UktERmY4VnE4RzNhbFNyY0paaG5RQTY2SlB3dmJuWFdLMkFqSEJFdTllWUEwbjNjb2tPU3I2SjhHaFYwel9ZVXBjc2stZTVhMW9POWNpU9IB_gFBVV95cUxOa2J2Zjlxa2lyTHJrZjJ6ODdzbWNGeDdrQk5BZzh3aEpReUtsY2FxWGtwdlNWcy00dERqUE1JcGtIb1ZwX0VzdHRVSnpKNER3NlpsWFplSkl1SWhRMHhLX1ZIRmh1d2s0OEl4VnJkeWx0cTl4S1ZTcklxa2Q5bVBkUjhYWFM0Tnp1NnQzMDhTTXJublpZeXFVLUFNZlQwYnZqbHNZTUE3ZUJieG1vMkE3dlNtX3o2TkcyaVRVTk16N2kxMFNVTWRLSENvVG44RTNJQ2NhS2JlQjBucmlwejhXQUdaNTN3RHNPZUNZaEhuY1lZVURic0FjN2stcmJNdw?oc=5\" target=\"_blank\" rel=\"nofollow noopener\">\u201cN\u00e3o sei como \u00e9 que os outros Pink Floyd o aturaram tanto tempo. Roger Waters \u00e9 um ser humano triste, irrelevante e velho\u201d<\/a>&nbsp;&nbsp;Expresso<\/li>\n<li><a href=\"https:\/\/news.google.com\/rss\/articles\/CBMinAFBVV95cUxNTV81bTFUZWRrU1NpVmpMQjVucEdYeTg1QXY3eVQwem5HVkx4T2p5anFQejQzRGIzWEFfY1U4UlFZazhVUS02ZjJ5OHVLUWpNVkE3X29vY2d1aGRfejhneENzQzVwMmU1MUhTLWJrNmRKSFpHOXpQM05lemIyM2FQZnM5OFVldkQ3ejlZTXBaTV9xUHpoX29hZVA3UWY?oc=5\" target=\"_blank\" rel=\"nofollow noopener\">No podcast &#8220;The Osbournes&#8221;, a fam\u00edlia de OZZY volta a criticar ROGER WATERS<\/a>&nbsp;&nbsp;Roadie Crew<\/li>\n<li><a href=\"https:\/\/news.google.com\/rss\/articles\/CBMib0FVX3lxTE5XMUd6R21kYkJFVENUSDlZWUQ1cU9iT2I3ZVRwLU1hdzRyNnQyV1lGcG8xWldHS01NM1VDM0lFZ2g3LW92R0FRcnB3LXhFSld1Mks3X0M5TjRoS29nejNUVy0tdXRUV0RLN2prSHl4bw?oc=5\" target=\"_blank\" rel=\"nofollow noopener\">O desabafo dos Osbourne contra Roger Waters; &#8220;Merda faz flores crescerem&#8221;<\/a>&nbsp;&nbsp;Whiplash.Net Rock e Heavy Metal<\/li>\n<li><a href=\"https:\/\/news.google.com\/rss\/articles\/CBMihAJBVV95cUxPVmM3dllaZWFXcUR4ZlBvY3FDb1Z5bEhNQURVSFltZ1drSWwxbHh1MnM5MHpITkgzemdub2hXOXlwZ3cxTUVjOEpYMXFSYUZRbE9VaklRVlIyZ0pKbVRmRE51OEVNQVNCb2Z2OXQ2X2RLR1ptZWZsNE5hT0ZnUHZXb1YwZlUzN0JiRGxWOXhJVnRoZmpoZFBNbU5zSk12LXBsN3lHOGw2bi1sNHdWY2VINlpSZGQ2eXg2RlRHR1BkWVlkS3FZeHFyT09QNWlIaTdoUGwyakFZTk9WdHJXUlBsOWFWa0pMNEhhUXc4MTdZd2d3ei1tOS1uMnVjcHM5OG1OOTJsV9IBkwJBVV95cUxNTzZaMmdEcEttdUQxVzNpa21md1FxUTVxTnlTU2s2akpJaHBkWjR6SGs5a3dlMUZteUF0djRtQTl6LWF5S09DV3VQR1JSTnlQeFR6SUFoa0FnWm9pWld2SUw0RjI1alBFdGVQUjh6Z01YUU80X0doN0ZFVmd5SE5wNE5Ma2hGRGVDbmx1NXM0M0hpRk9rNTVpdHdTZml5UFN6Y2czMVJwTFJoOV9UekhCN0M4c3FwUkw0NTY0Rk5Xbkw4M1c1R2xoNDFJaEpnc2NBdnhUTTMwV3dOTnNxYnpBcmtwdkJVUUx4Vi1za0xLQVNkV2tqMmp6THNVWFRmTERPelFaWkVEd0ZUSGlsR0VqbE5zaw?oc=5\" target=\"_blank\" rel=\"nofollow noopener\">Vi\u00fava e filha detonam Roger Waters por insultos ap\u00f3s morte de Ozzy Osbourne: &#8216;Como os caras do Pink Floyd aguentavam?&#8217;<\/a>&nbsp;&nbsp;Globo<\/li>\n<li><a href=\"https:\/\/news.google.com\/rss\/articles\/CBMiuAFBVV95cUxPSi1uVElfck1UOXdzVTBsMDlrbmFIbEdiSjZGOFFsVXJRanRIcVR2YlRZUW9CZDFCX1hIaXByQWpiTHM3NHlQRC0tUmFtZE5BVVZ5Z0FhOThaYUt1QzBVblZYZEs4VWxNdHMwaHZudXBLR1FMdVlvU0tLM3pjVF9LUHJ0WXh0cWxHZ3kxeUhrbl9aV201ZUx1elY3M1NOUlJ3SjJabXU1Z3g1bVZGWE9HbXFEVThoMlpq?oc=5\" target=\"_blank\" rel=\"nofollow noopener\">S\u00f3 \u2018fascistas\u2019 gostam de Roger Waters, diz Sharon ap\u00f3s m\u00fasico criticar Ozzy Osbourne<\/a>&nbsp;&nbsp;Rolling Stone Brasil<\/li>\n<\/ol>\n","protected":false},"excerpt":{"rendered":"\u201cN\u00e3o sei como \u00e9 que os outros Pink Floyd o aturaram tanto tempo. Roger Waters \u00e9 um ser&hellip;\n","protected":false},"author":2,"featured_media":156794,"comment_status":"","ping_status":"","sticky":false,"template":"","format":"standard","meta":{"footnotes":""},"categories":[141],"tags":[114,115,149,150,32,33],"class_list":{"0":"post-158870","1":"post","2":"type-post","3":"status-publish","4":"format-standard","5":"has-post-thumbnail","7":"category-musica","8":"tag-entertainment","9":"tag-entretenimento","10":"tag-music","11":"tag-musica","12":"tag-portugal","13":"tag-pt"},"share_on_mastodon":{"url":"https:\/\/pubeurope.com\/@pt\/115582406846301328","error":""},"_links":{"self":[{"href":"https:\/\/www.europesays.com\/pt\/wp-json\/wp\/v2\/posts\/158870","targetHints":{"allow":["GET"]}}],"collection":[{"href":"https:\/\/www.europesays.com\/pt\/wp-json\/wp\/v2\/posts"}],"about":[{"href":"https:\/\/www.europesays.com\/pt\/wp-json\/wp\/v2\/types\/post"}],"author":[{"embeddable":true,"href":"https:\/\/www.europesays.com\/pt\/wp-json\/wp\/v2\/users\/2"}],"replies":[{"embeddable":true,"href":"https:\/\/www.europesays.com\/pt\/wp-json\/wp\/v2\/comments?post=158870"}],"version-history":[{"count":0,"href":"https:\/\/www.europesays.com\/pt\/wp-json\/wp\/v2\/posts\/158870\/revisions"}],"wp:featuredmedia":[{"embeddable":true,"href":"https:\/\/www.europesays.com\/pt\/wp-json\/wp\/v2\/media\/156794"}],"wp:attachment":[{"href":"https:\/\/www.europesays.com\/pt\/wp-json\/wp\/v2\/media?parent=158870"}],"wp:term":[{"taxonomy":"category","embeddable":true,"href":"https:\/\/www.europesays.com\/pt\/wp-json\/wp\/v2\/categories?post=158870"},{"taxonomy":"post_tag","embeddable":true,"href":"https:\/\/www.europesays.com\/pt\/wp-json\/wp\/v2\/tags?post=158870"}],"curies":[{"name":"wp","href":"https:\/\/api.w.org\/{rel}","templated":true}]}}