{"id":158875,"date":"2025-11-20T14:12:11","date_gmt":"2025-11-20T14:12:11","guid":{"rendered":"https:\/\/www.europesays.com\/pt\/158875\/"},"modified":"2025-11-20T14:12:11","modified_gmt":"2025-11-20T14:12:11","slug":"apagao-em-paris-afetou-55-mil-residencias-semaforos-e-circulacao-do-metro","status":"publish","type":"post","link":"https:\/\/www.europesays.com\/pt\/158875\/","title":{"rendered":"Apag\u00e3o em Paris afetou 55 mil resid\u00eancias, sem\u00e1foros e circula\u00e7\u00e3o do metro"},"content":{"rendered":"<p data-remotead-prev-elm=\"true\" data-remotead-elm-id=\"inread\">A falha el\u00e9trica &#8220;durou apenas alguns minutos&#8221;, segundo o &#8220;Le Parisien&#8221;, que cita a RTE, e \u00e0s 7.10 horas (6.10 horas em Portugal continental) 55 mil resid\u00eancias &#8220;estavam ainda sem energia el\u00e9trica&#8221;.<\/p>\n<p>A falha afetou sem\u00e1foros e postes de ilumina\u00e7\u00e3o p\u00fablica em parte de dois distritos de Paris e Hauts-de-Seine e ter\u00e1 durado &#8220;cinco minutos&#8221;, segundo fonte da Enedis, a empresa p\u00fablica gestora da distribui\u00e7\u00e3o de energia el\u00e9trica em declara\u00e7\u00f5es ao &#8220;Le Parisien&#8221;, que alega ter constado que &#8220;nem tudo estava restabelecido \u00e0s 7 horas locais.<\/p>\n<p>&#8220;Trata-se de um incidente t\u00e9cnico na subesta\u00e7\u00e3o RTE de Issy-les-Moulineaux, com 200 megawatts&#8221;, esclareceu \u00e0 publica\u00e7\u00e3o francesa a gestora da rede de transporte de eletricidade, que apresentou &#8220;desculpas pelo transtorno causado&#8221;.<\/p>\n<p data-remotead-prev-elm=\"true\" data-remotead-elm-id=\"centro1\">O restabelecimento do fornecimento de eletricidade estava em curso em &#8220;boa parte das resid\u00eancias&#8221; afetadas no sul de Paris e em Issy-les-Moulineaux. \u00c0s 7.10 horas, o n\u00famero de resid\u00eancias afetadas ascendia a 55 mil e 40 minutos depois eram apenas 2600, ainda segundo o &#8220;Le Parisien&#8221;.<\/p>\n<p>A falha de energia afetou tamb\u00e9m a linha 12 do metro de Paris, cuja circula\u00e7\u00e3o esteve temporariamente interrompida.<\/p>\n","protected":false},"excerpt":{"rendered":"A falha el\u00e9trica &#8220;durou apenas alguns minutos&#8221;, segundo o &#8220;Le Parisien&#8221;, que cita a RTE, e \u00e0s 7.10&hellip;\n","protected":false},"author":2,"featured_media":158876,"comment_status":"","ping_status":"","sticky":false,"template":"","format":"standard","meta":{"footnotes":""},"categories":[10],"tags":[2877,27,28,15,16,208,14,25,26,21,22,62,12,13,19,20,32,23,24,33,17,18,29,30,31],"class_list":{"0":"post-158875","1":"post","2":"type-post","3":"status-publish","4":"format-standard","5":"has-post-thumbnail","7":"category-portugal","8":"tag-apagao","9":"tag-breaking-news","10":"tag-breakingnews","11":"tag-featured-news","12":"tag-featurednews","13":"tag-franca","14":"tag-headlines","15":"tag-latest-news","16":"tag-latestnews","17":"tag-main-news","18":"tag-mainnews","19":"tag-mundo","20":"tag-news","21":"tag-noticias","22":"tag-noticias-principais","23":"tag-noticiasprincipais","24":"tag-portugal","25":"tag-principais-noticias","26":"tag-principaisnoticias","27":"tag-pt","28":"tag-top-stories","29":"tag-topstories","30":"tag-ultimas","31":"tag-ultimas-noticias","32":"tag-ultimasnoticias"},"share_on_mastodon":{"url":"https:\/\/pubeurope.com\/@pt\/115582438445450923","error":""},"_links":{"self":[{"href":"https:\/\/www.europesays.com\/pt\/wp-json\/wp\/v2\/posts\/158875","targetHints":{"allow":["GET"]}}],"collection":[{"href":"https:\/\/www.europesays.com\/pt\/wp-json\/wp\/v2\/posts"}],"about":[{"href":"https:\/\/www.europesays.com\/pt\/wp-json\/wp\/v2\/types\/post"}],"author":[{"embeddable":true,"href":"https:\/\/www.europesays.com\/pt\/wp-json\/wp\/v2\/users\/2"}],"replies":[{"embeddable":true,"href":"https:\/\/www.europesays.com\/pt\/wp-json\/wp\/v2\/comments?post=158875"}],"version-history":[{"count":0,"href":"https:\/\/www.europesays.com\/pt\/wp-json\/wp\/v2\/posts\/158875\/revisions"}],"wp:featuredmedia":[{"embeddable":true,"href":"https:\/\/www.europesays.com\/pt\/wp-json\/wp\/v2\/media\/158876"}],"wp:attachment":[{"href":"https:\/\/www.europesays.com\/pt\/wp-json\/wp\/v2\/media?parent=158875"}],"wp:term":[{"taxonomy":"category","embeddable":true,"href":"https:\/\/www.europesays.com\/pt\/wp-json\/wp\/v2\/categories?post=158875"},{"taxonomy":"post_tag","embeddable":true,"href":"https:\/\/www.europesays.com\/pt\/wp-json\/wp\/v2\/tags?post=158875"}],"curies":[{"name":"wp","href":"https:\/\/api.w.org\/{rel}","templated":true}]}}