{"id":158879,"date":"2025-11-20T14:14:08","date_gmt":"2025-11-20T14:14:08","guid":{"rendered":"https:\/\/www.europesays.com\/pt\/158879\/"},"modified":"2025-11-20T14:14:08","modified_gmt":"2025-11-20T14:14:08","slug":"famosos-reagem-a-atualizacao-no-estado-de-saude-de-galvao-bueno-confira","status":"publish","type":"post","link":"https:\/\/www.europesays.com\/pt\/158879\/","title":{"rendered":"Famosos reagem \u00e0 atualiza\u00e7\u00e3o no estado de sa\u00fade de Galv\u00e3o Bueno; confira"},"content":{"rendered":"<p><a href=\"https:\/\/caras.com.br\/tags\/galvao-bueno\" target=\"_blank\" rel=\"noopener nofollow\"><strong>Galv\u00e3o Bueno<\/strong><\/a>\u00a0foi internado no hospital S\u00edrio-Liban\u00eas, em S\u00e3o Paulo, no \u00faltimo s\u00e1bado, 15.\u00a0<a href=\"https:\/\/caras.com.br\/datas-especiais\/galvao-bueno-e-a-esposa-exibem-fotos-raras-com-a-neta-em-data-especial.phtml\" rel=\"nofollow noopener\" target=\"_blank\">O apresentador<\/a>\u00a0apresentou dores no rim e, ap\u00f3s realizar exames na unidade m\u00e9dica, foi diagnosticado\u00a0com pneumonia viral. A equipe do narrador esportivo revelou que ele recebeu o diagn\u00f3stico de\u00a0pneumonia viral sem sintomas e refor\u00e7ou que ele est\u00e1 bem.<\/p>\n<p>Na tarde de ter\u00e7a-feira, 18, o narrador esportivo\u00a0<a href=\"https:\/\/caras.com.br\/tags\/galvao-bueno\" rel=\"nofollow noopener\" target=\"_blank\"><strong>Galv\u00e3o Bueno<\/strong><\/a>\u00a0utilizou suas redes sociais para dar not\u00edcias aos seus seguidores sobre seu estado de sa\u00fade ap\u00f3s interna\u00e7\u00e3o. Em seu perfil no Istagram, o locutor esportivo destacou que est\u00e1 melhor, mas continua internado no\u00a0<a href=\"https:\/\/caras.com.br\/bem-estar\/galvao-bueno-atualiza-estado-de-saude.phtml\" rel=\"nofollow noopener\" target=\"_blank\">Hospital S\u00edrio Liban\u00eas, em S\u00e3o Paulo<\/a>.<\/p>\n<p>\u201cMeus amigos das redes sociais, milh\u00f5es de amigos das redes sociais, quero agradecer todas as mensagens, o carinho de voc\u00eas e a preocupa\u00e7\u00e3o com a minha sa\u00fade. Ainda estou no Hospital S\u00edrio Liban\u00eas em S\u00e3o Paulo, j\u00e1 para sair e voltar para o trabalho. Eu tive uma pneumonia viral, nada de muita gravidade, mas que tem que ser muito bem tratada. Mas segunda-feira j\u00e1 estarei firme no \u2018Galv\u00e3o e Amigos\u2019 ai na Band e aqui no dia-a-dia com voc\u00eas\u201d, disse Galv\u00e3o Bueno nas redes sociais.<\/p>\n<p> Rea\u00e7\u00e3o dos famosos <\/p>\n<p>Depois da publica\u00e7\u00e3o de Galv\u00e3o Bueno, muitos internautas desejaram melhoras para o apresentador e celebraram \u00e0 atualiza\u00e7\u00e3o, onde ele informa que est\u00e1 bem de sa\u00fade. O v\u00eddeo publicado nas redes sociais gerou repercuss\u00e3o entre os famosos.<\/p>\n<p>O cantor <strong>Ricardo Chaves <\/strong>respondeu ao v\u00eddeo de Galv\u00e3o Bueno: \u201cBom te ver bem \ud83d\ude4c\ud83d\ude4c\ud83d\ude4c\u201d. O humorista <strong>S\u00e9rgio Mallandro<\/strong> declarou: \u201cSa\u00fade ao nosso mestre\u201d.<\/p>\n<p> O que diz a equipe do apresentador? <\/p>\n<p>No come\u00e7o da semana, a\u00a0<strong>CARAS Brasil<\/strong> entrou em contato com a equipe de Galv\u00e3o Bueno para saber mais detalhes sobre seu quadro e como ele est\u00e1. Eles informaram que o apresentador foi para o hospital S\u00edrio-Liban\u00eas para fazer um check-up e, durante a hospitaliza\u00e7\u00e3o, descobriram uma pneumonia viral sem sintomas.<\/p>\n<p>A equipe refor\u00e7ou que Galv\u00e3o Bueno segue tratamento, est\u00e1 bem e melhorando. Segundo eles:\u00a0\u201cMuito em breve j\u00e1 estar\u00e1 na ativa novamente!\u201d,\u00a0finalizando o contato.<\/p>\n<p><strong>Leia mais<\/strong>: <a href=\"https:\/\/caras.com.br\/atualidades\/como-esta-galvao-bueno-equipe-atualiza-quadro-do-apresentador.phtml\" rel=\"nofollow noopener\" target=\"_blank\">Como est\u00e1 Galv\u00e3o Bueno? Equipe atualiza quadro do apresentador<\/a><\/p>\n<p>\t CONFIRA UMA PUBLICA\u00c7\u00c3O RECENTE DO LOUCUTOR ESPORTIVO GALV\u00c3O BUENO NAS REDES SOCIAIS: <\/p>\n<blockquote class=\"instagram-media\" style=\"background: #FFF; border: 0; border-radius: 3px; box-shadow: 0 0 1px 0 rgba(0,0,0,0.5),0 1px 10px 0 rgba(0,0,0,0.15); margin: 1px; max-width: 540px; min-width: 326px; padding: 0; width: calc(100% - 2px);\" data-instgrm-captioned=\"\" data-instgrm-permalink=\"https:\/\/www.instagram.com\/reel\/DRNuWo7D7yG\/?utm_source=ig_embed&amp;utm_campaign=loading\" data-instgrm-version=\"14\"><\/blockquote>\n<p>        <a href=\"https:\/\/caras.com.br\/autor\/felipe-franca\" rel=\"nofollow noopener\" target=\"_blank\">&#13;<br \/>\n          <img loading=\"lazy\" decoding=\"async\" alt=\"Felipe Fran\u00e7a\" src=\"https:\/\/www.europesays.com\/pt\/wp-content\/uploads\/2025\/11\/whatsapp_image_2024-02-01_at_11.27.22_sqmd.jpeg\" class=\"avatar avatar-115 photo rounded-circle\" height=\"115\" width=\"115\"\/>        <\/a><\/p>\n<p><strong>Felipe Fran\u00e7a<\/strong> \u00e9 jornalista formado pela Faculdade C\u00e1sper L\u00edbero (FCL). \u00c9 rep\u00f3rter de pautas especiais do Grupo Perfil. Tem passagens pela Coluna Fl\u00e1vio Ricco, no R7, e pela TV Gazeta. Possui paix\u00e3o pelo universo da televis\u00e3o, novelas e celebridades. Gosta da arte de ouvir hist\u00f3rias e pessoas.<\/p>\n<p>\t                                            <script async src=\"\/\/www.instagram.com\/embed.js\"><\/script><\/p>\n","protected":false},"excerpt":{"rendered":"Galv\u00e3o Bueno\u00a0foi internado no hospital S\u00edrio-Liban\u00eas, em S\u00e3o Paulo, no \u00faltimo s\u00e1bado, 15.\u00a0O apresentador\u00a0apresentou dores no rim e,&hellip;\n","protected":false},"author":2,"featured_media":158880,"comment_status":"","ping_status":"","sticky":false,"template":"","format":"standard","meta":{"footnotes":""},"categories":[145],"tags":[211,210,11368,114,115,980,8430,33901,32,33],"class_list":{"0":"post-158879","1":"post","2":"type-post","3":"status-publish","4":"format-standard","5":"has-post-thumbnail","7":"category-celebridades","8":"tag-celebridades","9":"tag-celebrities","10":"tag-comentarios","11":"tag-entertainment","12":"tag-entretenimento","13":"tag-famosos","14":"tag-galvao-bueno","15":"tag-pneumonia-viral","16":"tag-portugal","17":"tag-pt"},"share_on_mastodon":{"url":"https:\/\/pubeurope.com\/@pt\/115582446141433403","error":""},"_links":{"self":[{"href":"https:\/\/www.europesays.com\/pt\/wp-json\/wp\/v2\/posts\/158879","targetHints":{"allow":["GET"]}}],"collection":[{"href":"https:\/\/www.europesays.com\/pt\/wp-json\/wp\/v2\/posts"}],"about":[{"href":"https:\/\/www.europesays.com\/pt\/wp-json\/wp\/v2\/types\/post"}],"author":[{"embeddable":true,"href":"https:\/\/www.europesays.com\/pt\/wp-json\/wp\/v2\/users\/2"}],"replies":[{"embeddable":true,"href":"https:\/\/www.europesays.com\/pt\/wp-json\/wp\/v2\/comments?post=158879"}],"version-history":[{"count":0,"href":"https:\/\/www.europesays.com\/pt\/wp-json\/wp\/v2\/posts\/158879\/revisions"}],"wp:featuredmedia":[{"embeddable":true,"href":"https:\/\/www.europesays.com\/pt\/wp-json\/wp\/v2\/media\/158880"}],"wp:attachment":[{"href":"https:\/\/www.europesays.com\/pt\/wp-json\/wp\/v2\/media?parent=158879"}],"wp:term":[{"taxonomy":"category","embeddable":true,"href":"https:\/\/www.europesays.com\/pt\/wp-json\/wp\/v2\/categories?post=158879"},{"taxonomy":"post_tag","embeddable":true,"href":"https:\/\/www.europesays.com\/pt\/wp-json\/wp\/v2\/tags?post=158879"}],"curies":[{"name":"wp","href":"https:\/\/api.w.org\/{rel}","templated":true}]}}