{"id":158881,"date":"2025-11-20T14:19:14","date_gmt":"2025-11-20T14:19:14","guid":{"rendered":"https:\/\/www.europesays.com\/pt\/158881\/"},"modified":"2025-11-20T14:19:14","modified_gmt":"2025-11-20T14:19:14","slug":"ho-ho-ho-quais-sao-as-proximas-estreias-natalicias-da-netflix-sapo","status":"publish","type":"post","link":"https:\/\/www.europesays.com\/pt\/158881\/","title":{"rendered":"Ho ho ho! Quais s\u00e3o as pr\u00f3ximas estreias natal\u00edcias da Netflix? &#8211; SAPO"},"content":{"rendered":"<ol>\n<li><a href=\"https:\/\/news.google.com\/rss\/articles\/CBMirgFBVV95cUxNaWR3VEZ6TFk4WV9HbkYtaFNwQVZ0eU9jTFAwcWo2NDVZdlpkb1VfbGpYRXlBZnJnLUFYNEFpdXhwOEFTakgxVjV5NVZRU1BMRHIxRGNkOTR6QWNPTERUemlQN3RwU2xUXzF5WTM1QjN1RXcwc1lWSFV3U0xmU0hhSk9VY3N5UVVuLTY4TDRxYmd0c3ZySTY0NHZiYmFCZVo3VEZTWjhaWFBTMS1nWkE?oc=5\" target=\"_blank\" rel=\"nofollow noopener\">Ho ho ho! Quais s\u00e3o as pr\u00f3ximas estreias natal\u00edcias da Netflix?<\/a>&nbsp;&nbsp;SAPO<\/li>\n<li><a href=\"https:\/\/news.google.com\/rss\/articles\/CBMiwAFBVV95cUxPV1JOb3lROWh1UXdQSEczNElVZWhobndqUEFrZ3liS29Vb1gwbTFVTU55c19mcTBFMXJVQjhHNzRid2lCZlpzU0k4Z1hmcWxTNzEzY1ZtNzlYekk3dnFicE00bUtfLWdRUXI4akc2S0FndlpWa1NtdlZ0MUctYzJGYVk2WmdwX3VqcUwyeDBYdXFDUTNlS25PT0liczNocFZEXzZYdktlUi1Lc1hLUUkwTjZBZ2VCOHNXQ3pUZFAyMELSAc8BQVVfeXFMUGRSWGd1ejZWUHdXZzZkcGVFaFRJc0JtRGtqZjBYVTVhaFF6VXVJY092Z2xZc0hZVHBTUktlcHpSbC1kS0RaNnVSblZQU2FnZkxydHo5cGgxNklEaV80bFhlcUNsNWNWUF9MckxjQzhjXy1oN0xrTkUzS0NhVE8tWHlMTUg1OVhiMk42eTk2dlVoTGhPdWU4aE5hV1pCWXNNNUEzcUhCTjNjRTAtRnRNR1BhRWdHUE5CTFRTNmY0TDhKcHNZNWVRd2lFclF4djNr?oc=5\" target=\"_blank\" rel=\"nofollow noopener\">5 filmes novos de Natal da Netfix que voc\u00ea deveria ficar de olho<\/a>&nbsp;&nbsp;TechTudo<\/li>\n<li><a href=\"https:\/\/news.google.com\/rss\/articles\/CBMirgFBVV95cUxQaU84Wnk5Y3VYcWhQNERiOEU5UEhMQ05PenZPSEpkMlJyOEx3ODc3NjdKUUU5Z2lSNkgweTZWaUZlTEtRdnB3WTZYSnR0N2lIWi1UbUNxemg0c1VTZHFHeTRsZkszcW9mR2loRVZXU3ZtYVJkRlJ6dXdvblpNR2tOZUw0cm9xT3Z2ZGxPUXBmVHdOZ0xKX2kwQUtONjcydzBla3l3c2FvWDNoeFhpcHc?oc=5\" target=\"_blank\" rel=\"nofollow noopener\">Esquenta para o Natal: confira filmes cl\u00e1ssicos e lan\u00e7amentos para assistir at\u00e9 a data<\/a>&nbsp;&nbsp;Midiamax<\/li>\n<li><a href=\"https:\/\/news.google.com\/rss\/articles\/CBMirAFBVV95cUxQQmxsb3lSU0l6VE14LWV4Qkk3ZGd3cTJuNkJHekR2VG1JUHZOYWlVd0h4UlB1LU52SlBBbUFvZ3hlZk9YcEpXSGRtWVA3bVU5ZmdqSWFiM0NfS1Y4b1d4cm4yYi03Ujl4bElMd20yQ2RtczMxZWJaQVFIT211RGNnazM5dzNyYlJfNERxTWRKZm14dGtOVjNXUXpmckkyM0o1MWlFbVhhaTZQYUFt?oc=5\" target=\"_blank\" rel=\"nofollow noopener\">Filmes de Natal para ficar de olho na Netflix neste fim de ano<\/a>&nbsp;&nbsp;Capricho<\/li>\n<li><a href=\"https:\/\/news.google.com\/rss\/articles\/CBMizAFBVV95cUxNbnQ0VXpKdzd0SXBKVWNHc1Fjdk1ZZEJxWEpiYk5pa3hSXy03QXBzVG5ka2hzWE8zOVEtWGUybzVUYm5jY3RpYVl4aVpzRWRJZlpqbmZOd2ctblgwdjVxT09zaUU0RnFIUHh5XzZZeTFvSEdoTlFONDd5MWN5YXJEYURjdUhjbjJYMGtsbGpaeTBxa3BySVNWNFpMUTdEbGJ3NnlFbFUyUUxnMGJpU2Z4aXJxVEE0R01lVnhNMmFtTk9oYnp5WmtnNUVBWE0?oc=5\" target=\"_blank\" rel=\"nofollow noopener\">Novos filmes de Natal com romance trazem rela\u00e7\u00f5es reais e aquele aconchego do fim de ano<\/a>&nbsp;&nbsp;Catraca Livre<\/li>\n<\/ol>\n","protected":false},"excerpt":{"rendered":"Ho ho ho! Quais s\u00e3o as pr\u00f3ximas estreias natal\u00edcias da Netflix?&nbsp;&nbsp;SAPO 5 filmes novos de Natal da Netfix&hellip;\n","protected":false},"author":2,"featured_media":158882,"comment_status":"","ping_status":"","sticky":false,"template":"","format":"standard","meta":{"footnotes":""},"categories":[140],"tags":[114,115,147,148,146,32,33],"class_list":{"0":"post-158881","1":"post","2":"type-post","3":"status-publish","4":"format-standard","5":"has-post-thumbnail","7":"category-filmes","8":"tag-entertainment","9":"tag-entretenimento","10":"tag-film","11":"tag-filmes","12":"tag-movies","13":"tag-portugal","14":"tag-pt"},"share_on_mastodon":{"url":"https:\/\/pubeurope.com\/@pt\/115582465659113523","error":""},"_links":{"self":[{"href":"https:\/\/www.europesays.com\/pt\/wp-json\/wp\/v2\/posts\/158881","targetHints":{"allow":["GET"]}}],"collection":[{"href":"https:\/\/www.europesays.com\/pt\/wp-json\/wp\/v2\/posts"}],"about":[{"href":"https:\/\/www.europesays.com\/pt\/wp-json\/wp\/v2\/types\/post"}],"author":[{"embeddable":true,"href":"https:\/\/www.europesays.com\/pt\/wp-json\/wp\/v2\/users\/2"}],"replies":[{"embeddable":true,"href":"https:\/\/www.europesays.com\/pt\/wp-json\/wp\/v2\/comments?post=158881"}],"version-history":[{"count":0,"href":"https:\/\/www.europesays.com\/pt\/wp-json\/wp\/v2\/posts\/158881\/revisions"}],"wp:featuredmedia":[{"embeddable":true,"href":"https:\/\/www.europesays.com\/pt\/wp-json\/wp\/v2\/media\/158882"}],"wp:attachment":[{"href":"https:\/\/www.europesays.com\/pt\/wp-json\/wp\/v2\/media?parent=158881"}],"wp:term":[{"taxonomy":"category","embeddable":true,"href":"https:\/\/www.europesays.com\/pt\/wp-json\/wp\/v2\/categories?post=158881"},{"taxonomy":"post_tag","embeddable":true,"href":"https:\/\/www.europesays.com\/pt\/wp-json\/wp\/v2\/tags?post=158881"}],"curies":[{"name":"wp","href":"https:\/\/api.w.org\/{rel}","templated":true}]}}