{"id":158883,"date":"2025-11-20T14:21:07","date_gmt":"2025-11-20T14:21:07","guid":{"rendered":"https:\/\/www.europesays.com\/pt\/158883\/"},"modified":"2025-11-20T14:21:07","modified_gmt":"2025-11-20T14:21:07","slug":"viver-com-dpoc-com-mais-qualidade-de-vida-2","status":"publish","type":"post","link":"https:\/\/www.europesays.com\/pt\/158883\/","title":{"rendered":"Viver com DPOC, com mais qualidade de vida"},"content":{"rendered":"\n<p>Se acha que s\u00f3 acontece aos fumadores, que est\u00e1 associado \u00e0 idade ou \u00e0 falta de forma, tenho m\u00e1s not\u00edcias. Na verdade, pode ser sinal de uma doen\u00e7a respirat\u00f3ria cr\u00f3nica chamada DPOC, uma doen\u00e7a silenciosa, mas s\u00e9ria.\u00a0<\/p>\n<p>No dia 19 de novembro assinala-se o Dia Mundial da DPOC \u2013 Doen\u00e7a Pulmonar Obstrutiva Cr\u00f3nica, uma data importante para consciencializar a popula\u00e7\u00e3o para a import\u00e2ncia do diagn\u00f3stico precoce e do tratamento adequado. Se sente dificuldade em respirar, tosse persistente ou produz muco com frequ\u00eancia, n\u00e3o ignore estes sinais.\u00a0\u00a0<\/p>\n<p>Atualmente, a DPOC \u00e9 a quinta principal causa de morte em Portugal e ocupa o terceiro lugar a n\u00edvel mundial. Muitas pessoas s\u00f3 procuram ajuda quando os sintomas, como falta de ar, tosse cr\u00f3nica com expetora\u00e7\u00e3o, fadiga e pieira, j\u00e1 est\u00e3o avan\u00e7ados. E, mesmo assim, frequentemente, estes sintomas s\u00e3o confundidos com os \u201cefeitos normais do tabaco\u201d e acabam por ser desvalorizados. \u00c9 verdade que o tabagismo \u00e9 o principal fator de risco, j\u00e1 que mais de 65% dos fumadores desenvolvem sintomas de DPOC, mas n\u00e3o \u00e9 uma doen\u00e7a exclusiva de fumadores. Tamb\u00e9m pode surgir devido a fatores gen\u00e9ticos e \u00e0 exposi\u00e7\u00e3o prolongada a poeiras, produtos qu\u00edmicos, polui\u00e7\u00e3o atmosf\u00e9rica ou fumo de lenha ou carv\u00e3o em ambientes fechados.\u00a0<\/p>\n","protected":false},"excerpt":{"rendered":"Se acha que s\u00f3 acontece aos fumadores, que est\u00e1 associado \u00e0 idade ou \u00e0 falta de forma, tenho&hellip;\n","protected":false},"author":2,"featured_media":158884,"comment_status":"","ping_status":"","sticky":false,"template":"","format":"standard","meta":{"footnotes":""},"categories":[86],"tags":[116,32,33,117],"class_list":{"0":"post-158883","1":"post","2":"type-post","3":"status-publish","4":"format-standard","5":"has-post-thumbnail","7":"category-saude","8":"tag-health","9":"tag-portugal","10":"tag-pt","11":"tag-saude"},"share_on_mastodon":{"url":"https:\/\/pubeurope.com\/@pt\/115582473577660782","error":""},"_links":{"self":[{"href":"https:\/\/www.europesays.com\/pt\/wp-json\/wp\/v2\/posts\/158883","targetHints":{"allow":["GET"]}}],"collection":[{"href":"https:\/\/www.europesays.com\/pt\/wp-json\/wp\/v2\/posts"}],"about":[{"href":"https:\/\/www.europesays.com\/pt\/wp-json\/wp\/v2\/types\/post"}],"author":[{"embeddable":true,"href":"https:\/\/www.europesays.com\/pt\/wp-json\/wp\/v2\/users\/2"}],"replies":[{"embeddable":true,"href":"https:\/\/www.europesays.com\/pt\/wp-json\/wp\/v2\/comments?post=158883"}],"version-history":[{"count":0,"href":"https:\/\/www.europesays.com\/pt\/wp-json\/wp\/v2\/posts\/158883\/revisions"}],"wp:featuredmedia":[{"embeddable":true,"href":"https:\/\/www.europesays.com\/pt\/wp-json\/wp\/v2\/media\/158884"}],"wp:attachment":[{"href":"https:\/\/www.europesays.com\/pt\/wp-json\/wp\/v2\/media?parent=158883"}],"wp:term":[{"taxonomy":"category","embeddable":true,"href":"https:\/\/www.europesays.com\/pt\/wp-json\/wp\/v2\/categories?post=158883"},{"taxonomy":"post_tag","embeddable":true,"href":"https:\/\/www.europesays.com\/pt\/wp-json\/wp\/v2\/tags?post=158883"}],"curies":[{"name":"wp","href":"https:\/\/api.w.org\/{rel}","templated":true}]}}