{"id":158885,"date":"2025-11-20T14:24:38","date_gmt":"2025-11-20T14:24:38","guid":{"rendered":"https:\/\/www.europesays.com\/pt\/158885\/"},"modified":"2025-11-20T14:24:38","modified_gmt":"2025-11-20T14:24:38","slug":"black-friday-aspiradores-dyson-mais-baratos","status":"publish","type":"post","link":"https:\/\/www.europesays.com\/pt\/158885\/","title":{"rendered":"Black Friday: aspiradores Dyson mais baratos"},"content":{"rendered":"<p>A Black Friday \u00e9, para muitos consumidores, a oportunidade para comprar a pre\u00e7os mais baixos produtos que ambiciona ou tem na mira ao longo do ano. Tecnologia, roupa e eletrodom\u00e9sticos s\u00e3o algumas das categorias mais procuradas.<\/p>\n<p>Este ano, a corrida \u00e0s promo\u00e7\u00f5es inclui tamb\u00e9m os <strong>aspiradores verticais Dyson<\/strong>. \u00c9 uma das marcas de aspiradores verticais sem fio mais vendidas na Europa, segundo os inqu\u00e9ritos estat\u00edsticos da DECO PROteste, e uma das mais pesquisadas online, ao longo do ano, pelos consumidores.<\/p>\n<p>Alguns modelos desta marca destacaram-se nos testes da DECO PROteste\u00a0pelo razo\u00e1vel ou bom desempenho, a pot\u00eancia de suc\u00e7\u00e3o que conseguem manter ao longo da utiliza\u00e7\u00e3o at\u00e9 a bateria estar completamente descarregada, e a facilidade de utiliza\u00e7\u00e3o.<\/p>\n<p>Escolha bem o modelo e verifique os pre\u00e7os. H\u00e1 alguns modelos com um excelente desempenho, entre os melhores, no\u00a0<a href=\"https:\/\/www.deco.proteste.pt\/eletrodomesticos\/aspiradores-verticais-sem-fio\/comparar\" rel=\"nofollow noopener\" target=\"_blank\">comparador da DECO PROteste<\/a>, mas tamb\u00e9m h\u00e1 modelos que obt\u00eam apenas uma boa qualidade. Pode conseguir encontrar outras marcas e modelos com uma Qualidade Global superior (os nomeados como &#8220;Melhor do Teste&#8221;) e, eventualmente, a pre\u00e7os mais baixos.<\/p>\n<p>\nCom o intuito de ajud\u00e1-lo a poupar, a DECO PROteste apresenta-lhe a lista das lojas onde encontra o aspirador vertical Dyson mais barato. A informa\u00e7\u00e3o \u00e9 atualizada diariamente.<\/p>\n<p>Neste artigo, apenas visualiza as <a href=\"https:\/\/www.deco.proteste.pt\/familia-consumo\/direitos-consumidor\/comparar-lojas-online\" rel=\"nofollow noopener\" target=\"_blank\">lojas avaliadas pela DECO PROteste com 5 estrelas<\/a>. Clique em &#8220;Ver mais ofertas&#8221; para consultar a lista completa de lojas que vendem aspiradores Dyson.<\/p>\n<p>Se procura outra marca ou tipo de aspiradores, pode verificar tamb\u00e9m a lista de lojas mais baratas para todas as marcas de\u00a0<a href=\"https:\/\/www.deco.proteste.pt\/eletrodomesticos\/aspiradores-verticais-sem-fio\/noticias\/black-friday-onde-comprar-aspiradores-verticais-sem-fio-mais-baratos\" rel=\"nofollow noopener\" target=\"_blank\">aspiradores verticais sem fio<\/a>,\u00a0<a href=\"https:\/\/www.deco.proteste.pt\/errors\/404?item=web%3a%7bCF15C24A-1F17-47D9-AE58-02C1C0C686AE%7d%40pt-PT\" rel=\"nofollow noopener\" target=\"_blank\">aspiradores &#8220;cl\u00e1ssicos&#8221;<\/a>\u00a0e\u00a0<a href=\"https:\/\/www.deco.proteste.pt\/eletrodomesticos\/aspiradores-robot\/noticias\/black-friday-onde-comprar-aspiradores-robot-mais-baratos\" rel=\"nofollow noopener\" target=\"_blank\">aspiradores robot<\/a>.<\/p>\n","protected":false},"excerpt":{"rendered":"A Black Friday \u00e9, para muitos consumidores, a oportunidade para comprar a pre\u00e7os mais baixos produtos que ambiciona&hellip;\n","protected":false},"author":2,"featured_media":158886,"comment_status":"","ping_status":"","sticky":false,"template":"","format":"standard","meta":{"footnotes":""},"categories":[83],"tags":[88,33902,89,90,32,33],"class_list":{"0":"post-158885","1":"post","2":"type-post","3":"status-publish","4":"format-standard","5":"has-post-thumbnail","7":"category-empresas","8":"tag-business","9":"tag-dyson-aspirador-vertical-sem-fios-aspiradores-verticais-aspiradores-baratos-aspiradores","10":"tag-economy","11":"tag-empresas","12":"tag-portugal","13":"tag-pt"},"share_on_mastodon":{"url":"https:\/\/pubeurope.com\/@pt\/115582485350779178","error":""},"_links":{"self":[{"href":"https:\/\/www.europesays.com\/pt\/wp-json\/wp\/v2\/posts\/158885","targetHints":{"allow":["GET"]}}],"collection":[{"href":"https:\/\/www.europesays.com\/pt\/wp-json\/wp\/v2\/posts"}],"about":[{"href":"https:\/\/www.europesays.com\/pt\/wp-json\/wp\/v2\/types\/post"}],"author":[{"embeddable":true,"href":"https:\/\/www.europesays.com\/pt\/wp-json\/wp\/v2\/users\/2"}],"replies":[{"embeddable":true,"href":"https:\/\/www.europesays.com\/pt\/wp-json\/wp\/v2\/comments?post=158885"}],"version-history":[{"count":0,"href":"https:\/\/www.europesays.com\/pt\/wp-json\/wp\/v2\/posts\/158885\/revisions"}],"wp:featuredmedia":[{"embeddable":true,"href":"https:\/\/www.europesays.com\/pt\/wp-json\/wp\/v2\/media\/158886"}],"wp:attachment":[{"href":"https:\/\/www.europesays.com\/pt\/wp-json\/wp\/v2\/media?parent=158885"}],"wp:term":[{"taxonomy":"category","embeddable":true,"href":"https:\/\/www.europesays.com\/pt\/wp-json\/wp\/v2\/categories?post=158885"},{"taxonomy":"post_tag","embeddable":true,"href":"https:\/\/www.europesays.com\/pt\/wp-json\/wp\/v2\/tags?post=158885"}],"curies":[{"name":"wp","href":"https:\/\/api.w.org\/{rel}","templated":true}]}}