{"id":158895,"date":"2025-11-20T14:33:14","date_gmt":"2025-11-20T14:33:14","guid":{"rendered":"https:\/\/www.europesays.com\/pt\/158895\/"},"modified":"2025-11-20T14:33:14","modified_gmt":"2025-11-20T14:33:14","slug":"jay-kelly-com-george-clooney-e-adam-sandler-e-passatempo-ligeiro-que-deve-agradar-fas","status":"publish","type":"post","link":"https:\/\/www.europesays.com\/pt\/158895\/","title":{"rendered":"\u2018Jay Kelly\u2019, com George Clooney e Adam Sandler, \u00e9 passatempo ligeiro que deve agradar f\u00e3s"},"content":{"rendered":"\n<p class=\" content-text__container theme-color-primary-first-letter\" data-track-category=\"Link no Texto\" data-track-links=\"\"> Filmes ambientados no mundo do cinema podem render reflex\u00f5es interessantes, sobretudo com Noah Baumbach (diretor), Emily Mortimer (corroteirista com ele) e <a class=\"\" href=\"https:\/\/oglobo.globo.com\/tudo-sobre\/personalidade\/george-clooney\" rel=\"nofollow noopener\" target=\"_blank\">George Clooney<\/a>, personagem-t\u00edtulo de \u201cJay Kelly\u201d. O in\u00edcio soa promissor, com um plano-sequ\u00eancia que percorre os agitados bastidores dos instantes finais de uma filmagem estrelada por Jay Kelly, famoso ator hollywoodiano. Antes de emendar mais um trabalho, ele entra em crise existencial. O reencontro com um ex-amigo de juventude (Billy Crudup), que o culpa pelo fracasso de sua carreira art\u00edstica, permite que ele reflita sobre as consequ\u00eancias de suas escolhas. <\/p>\n<ul class=\"content-unordered-list\">\n<li><strong>Veja: <\/strong><a class=\"\" href=\"https:\/\/oglobo.globo.com\/rioshow\/eventos\/guia\/rua-do-senado-no-rio-de-janeiro-e-eleita-a-mais-cool-do-mundo-em-2025-em-novo-ranking.ghtml\" rel=\"nofollow noopener\" target=\"_blank\">Rua do Senado, no Centro, \u00e9 eleita a &#8216;mais cool&#8217; do mundo em 2025 em novo ranking<\/a><\/li>\n<li><strong>&#8216;Wicked: parte 2&#8217;: <\/strong><a class=\"\" href=\"https:\/\/oglobo.globo.com\/rioshow\/cinema\/guia\/wicked-parte-2-tudo-que-voce-precisa-saber-antes-de-ver-o-filme-que-estreia-esta-quarta-19-nos-cinemas.ghtml\" rel=\"nofollow noopener\" target=\"_blank\">tudo que voc\u00ea precisa saber antes de ver o filme<\/a><\/li>\n<\/ul>\n<p class=\" content-text__container \" data-track-category=\"Link no Texto\" data-track-links=\"\"> Kelly percebe que o tempo passou e n\u00e3o deu a devida aten\u00e7\u00e3o \u00e0s filhas, j\u00e1 crescidas. Ent\u00e3o cancela o novo projeto e aceita ser homenageado com um tributo num pequeno festival na Toscana. Vai al\u00e9m: decide surpreender a filha viajando de trem na segunda classe, uma maneira de voltar a experimentar a sensa\u00e7\u00e3o do que \u00e9 ser uma pessoa \u201cnormal\u201d. <\/p>\n<p class=\" content-text__container \" data-track-category=\"Link no Texto\" data-track-links=\"\"> At\u00e9 d\u00e1 pra acreditar em George Clooney todo simp\u00e1tico com a galera no trem, mas achar que ningu\u00e9m vai sacar o celular pra registrar a presen\u00e7a ilustre ou pedir uma selfie j\u00e1 \u00e9 demais. Enfim, a verossimilhan\u00e7a \u00e9 apenas um entre os muitos problemas que o filme enfrenta. <\/p>\n<p class=\" content-text__container \" data-track-category=\"Link no Texto\" data-track-links=\"\"> \u201cJay Kelly\u201d poderia ser um \u201cMem\u00f3rias\u201d, de <a class=\"\" href=\"https:\/\/oglobo.globo.com\/tudo-sobre\/personalidade\/woody-allen\/\" rel=\"nofollow noopener\" target=\"_blank\">Woody Allen<\/a>, sem a neurose, misturado com elementos de \u201cNoite americana\u201d, de Truffaut. Mas consegue ser apenas um ligeiro passatempo Netflix que descamba no sentimentalismo \u2014 os f\u00e3s de Clooney provavelmente n\u00e3o se incomodar\u00e3o. <\/p>\n<p class=\" content-text__container \" data-track-category=\"Link no Texto\" data-track-links=\"\"> <strong>Cota\u00e7\u00e3o:<\/strong> Bonequinho dorme. <\/p>\n","protected":false},"excerpt":{"rendered":"Filmes ambientados no mundo do cinema podem render reflex\u00f5es interessantes, sobretudo com Noah Baumbach (diretor), Emily Mortimer (corroteirista&hellip;\n","protected":false},"author":2,"featured_media":158896,"comment_status":"","ping_status":"","sticky":false,"template":"","format":"standard","meta":{"footnotes":""},"categories":[140],"tags":[114,115,147,148,14555,33906,146,32,33,13813],"class_list":{"0":"post-158895","1":"post","2":"type-post","3":"status-publish","4":"format-standard","5":"has-post-thumbnail","7":"category-filmes","8":"tag-entertainment","9":"tag-entretenimento","10":"tag-film","11":"tag-filmes","12":"tag-george-clooney","13":"tag-laura-dern","14":"tag-movies","15":"tag-portugal","16":"tag-pt","17":"tag-woody-allen"},"share_on_mastodon":{"url":"https:\/\/pubeurope.com\/@pt\/115582520965144283","error":""},"_links":{"self":[{"href":"https:\/\/www.europesays.com\/pt\/wp-json\/wp\/v2\/posts\/158895","targetHints":{"allow":["GET"]}}],"collection":[{"href":"https:\/\/www.europesays.com\/pt\/wp-json\/wp\/v2\/posts"}],"about":[{"href":"https:\/\/www.europesays.com\/pt\/wp-json\/wp\/v2\/types\/post"}],"author":[{"embeddable":true,"href":"https:\/\/www.europesays.com\/pt\/wp-json\/wp\/v2\/users\/2"}],"replies":[{"embeddable":true,"href":"https:\/\/www.europesays.com\/pt\/wp-json\/wp\/v2\/comments?post=158895"}],"version-history":[{"count":0,"href":"https:\/\/www.europesays.com\/pt\/wp-json\/wp\/v2\/posts\/158895\/revisions"}],"wp:featuredmedia":[{"embeddable":true,"href":"https:\/\/www.europesays.com\/pt\/wp-json\/wp\/v2\/media\/158896"}],"wp:attachment":[{"href":"https:\/\/www.europesays.com\/pt\/wp-json\/wp\/v2\/media?parent=158895"}],"wp:term":[{"taxonomy":"category","embeddable":true,"href":"https:\/\/www.europesays.com\/pt\/wp-json\/wp\/v2\/categories?post=158895"},{"taxonomy":"post_tag","embeddable":true,"href":"https:\/\/www.europesays.com\/pt\/wp-json\/wp\/v2\/tags?post=158895"}],"curies":[{"name":"wp","href":"https:\/\/api.w.org\/{rel}","templated":true}]}}