{"id":158901,"date":"2025-11-20T14:38:11","date_gmt":"2025-11-20T14:38:11","guid":{"rendered":"https:\/\/www.europesays.com\/pt\/158901\/"},"modified":"2025-11-20T14:38:11","modified_gmt":"2025-11-20T14:38:11","slug":"ataque-ucraniano-afeta-distribuicao-de-energia-em-kursk-russia","status":"publish","type":"post","link":"https:\/\/www.europesays.com\/pt\/158901\/","title":{"rendered":"Ataque ucraniano afeta distribui\u00e7\u00e3o de energia em Kursk, R\u00fassia"},"content":{"rendered":"<p><strong>Cerca de 16 mil pessoas foram afetadas pelos cortes de energia el\u00e9trica na regi\u00e3o de Kursk, na R\u00fassia, na sequ\u00eancia de um ataque ucraniano com drones, disse o governador regional, esta quinta-feira. <\/strong><\/p>\n<p>Alexander Khinshtein, respons\u00e1vel pelo governo regional de Kursk, disse que na noite de quarta-feira as <strong>for\u00e7as da Ucr\u00e2nia atacaram subesta\u00e7\u00f5es el\u00e9tricas na zona de fronteira deixando 16 mil pessoas sem energia<\/strong> nos distritos de Glushovsky, Rylsky e Korenevsky.<\/p>\n<p>Em informa\u00e7\u00f5es divulgadas atrav\u00e9s das redes sociais, o governador acrescentou que o fornecimento de energia de emerg\u00eancia foi restabelecido em Rylsky, nas \u00faltimas horas.<\/p>\n<p>Os meios de comunica\u00e7\u00e3o social russos publicados no estrangeiro noticiaram tamb\u00e9m um ataque ucraniano, durante a noite, contra a refinaria de petr\u00f3leo de Ryazan, localizada numa regi\u00e3o pr\u00f3xima de Moscovo.<\/p>\n<p>Entretanto, o respons\u00e1vel pela refinaria russa, Pavel Malkov, afirmou nas redes sociais que uma<strong> unidade da empresa foi danificada embora n\u00e3o tenha adiantado mais pormenores.<\/strong><\/p>\n<p>O relat\u00f3rio di\u00e1rio do Minist\u00e9rio da Defesa indicou que as defesas a\u00e9reas russas abateram um total de 65 aparelhos a\u00e9reos n\u00e3o tripulados (drone) ucranianos durante a madrugada desta quinta-feira.<\/p>\n<p>A maioria dos drones abatidos ocorreu nas regi\u00f5es de Voronezh (18), Ryazan (16) e Belgorod (14).<\/p>\n<p>Outros sete drones foram intercetados em Tula, quatro em Bryansk, tr\u00eas em Lipetsk, dois em Tambov e um na Crimeia, regi\u00e3o ucraniana anexada pela R\u00fassia em 2014.<\/p>\n<p>Na quarta-feira, o <strong>Minist\u00e9rio da Defesa da R\u00fassia afirmou ter abatido tamb\u00e9m 65 drones ucraniano<\/strong>s sobre quatro regi\u00f5es, e em zonas pr\u00f3ximas do Mar Negro e no Mar de Azov.<\/p>\n<p>As autoridades pr\u00f3-russas em Donetsk, anexada pela R\u00fassia em 2022, admitiram que 65% da popula\u00e7\u00e3o da regi\u00e3o continua sem energia el\u00e9trica ap\u00f3s um ataque ucraniano com drones e m\u00edsseis registado na \u00faltima ter\u00e7a-feira.<\/p>\n<p>Segundo Kiev, o principal alvo dos ataques s\u00e3o i<strong>nstala\u00e7\u00f5es de produ\u00e7\u00e3o e distribui\u00e7\u00e3o de energia russas.<\/strong><\/p>\n<p>A Ucr\u00e2nia procura, por um lado, dificultar o fornecimento de combust\u00edvel ao Ex\u00e9rcito russo e, por outro, diminuir a capacidade da R\u00fassia exportar petr\u00f3leo bruto e derivados, uma das principais fontes de divisas do pa\u00eds.<\/p>\n<p>Com a descida das temperaturas, o ex\u00e9rcito russo continua a atacar as infraestruturas civis ucranianas, obrigando o presidente ucraniano, Volodymyr Zelensky, a deslocar-se a Fran\u00e7a, Gr\u00e9cia e Espanha em busca de ajuda energ\u00e9tica.<\/p>\n","protected":false},"excerpt":{"rendered":"Cerca de 16 mil pessoas foram afetadas pelos cortes de energia el\u00e9trica na regi\u00e3o de Kursk, na R\u00fassia,&hellip;\n","protected":false},"author":2,"featured_media":158902,"comment_status":"","ping_status":"","sticky":false,"template":"","format":"standard","meta":{"footnotes":""},"categories":[83],"tags":[88,89,90,32,33],"class_list":{"0":"post-158901","1":"post","2":"type-post","3":"status-publish","4":"format-standard","5":"has-post-thumbnail","7":"category-empresas","8":"tag-business","9":"tag-economy","10":"tag-empresas","11":"tag-portugal","12":"tag-pt"},"share_on_mastodon":{"url":"https:\/\/pubeurope.com\/@pt\/115582540427661642","error":""},"_links":{"self":[{"href":"https:\/\/www.europesays.com\/pt\/wp-json\/wp\/v2\/posts\/158901","targetHints":{"allow":["GET"]}}],"collection":[{"href":"https:\/\/www.europesays.com\/pt\/wp-json\/wp\/v2\/posts"}],"about":[{"href":"https:\/\/www.europesays.com\/pt\/wp-json\/wp\/v2\/types\/post"}],"author":[{"embeddable":true,"href":"https:\/\/www.europesays.com\/pt\/wp-json\/wp\/v2\/users\/2"}],"replies":[{"embeddable":true,"href":"https:\/\/www.europesays.com\/pt\/wp-json\/wp\/v2\/comments?post=158901"}],"version-history":[{"count":0,"href":"https:\/\/www.europesays.com\/pt\/wp-json\/wp\/v2\/posts\/158901\/revisions"}],"wp:featuredmedia":[{"embeddable":true,"href":"https:\/\/www.europesays.com\/pt\/wp-json\/wp\/v2\/media\/158902"}],"wp:attachment":[{"href":"https:\/\/www.europesays.com\/pt\/wp-json\/wp\/v2\/media?parent=158901"}],"wp:term":[{"taxonomy":"category","embeddable":true,"href":"https:\/\/www.europesays.com\/pt\/wp-json\/wp\/v2\/categories?post=158901"},{"taxonomy":"post_tag","embeddable":true,"href":"https:\/\/www.europesays.com\/pt\/wp-json\/wp\/v2\/tags?post=158901"}],"curies":[{"name":"wp","href":"https:\/\/api.w.org\/{rel}","templated":true}]}}