{"id":158907,"date":"2025-11-20T14:42:12","date_gmt":"2025-11-20T14:42:12","guid":{"rendered":"https:\/\/www.europesays.com\/pt\/158907\/"},"modified":"2025-11-20T14:42:12","modified_gmt":"2025-11-20T14:42:12","slug":"ana-paula-siebert-flagra-rafa-justus-matando-aula-no-shopping","status":"publish","type":"post","link":"https:\/\/www.europesays.com\/pt\/158907\/","title":{"rendered":"Ana Paula Siebert flagra Rafa Justus matando aula no shopping"},"content":{"rendered":"<p><strong>Ana Paula Siebert<\/strong> registrou um momento inusitado nesta quarta-feira, 19, ao encontrar <a href=\"https:\/\/caras.com.br\/tags\/rafaella-justus\" rel=\"nofollow noopener\" target=\"_blank\"><strong>Rafa\u00a0Justus<\/strong><\/a> em um shopping de S\u00e3o Paulo. A influenciadora, de 37 anos, caminhava pelo corredor quando, ao avistar a enteada de 16 anos, virou a c\u00e2mera discretamente e brincou com a situa\u00e7\u00e3o em v\u00eddeos publicados nas redes sociais.<\/p>\n<p>\u201cOlha quem eu pego no flagra matando aula. Olha l\u00e1. Rafa\u2026 deixa eu falar para voc\u00eas\u2026 A outra matando aula junto\u201d, disse, rindo, enquanto mostrava a adolescente acompanhada de uma amiga.<\/p>\n<p>Rafa, que segurava um balde de pipoca e um copo, reagiu imediatamente ao ver a madrasta e correu sorridente em sua dire\u00e7\u00e3o para dar um abra\u00e7o. Na tentativa de se justificar, explicou, entre risos, que n\u00e3o estava no shopping para assistir ao filme, apesar do lanche nas m\u00e3os. \u201cA gente pegou pipoca, mas n\u00e3o vamos assistir o filme\u201d, garantiu a jovem.<\/p>\n<p>Ana Paula continuou a brincadeira, questionando o motivo de Rafa estar fora da escola naquele hor\u00e1rio. A adolescente, entrando na onda, respondeu rapidamente: \u201c\u00c9 aula livre. A gente fala que \u00e9. Estou brincando, juro que \u00e9 mesmo, pai, juro que \u00e9\u201d. A influenciadora encerrou o v\u00eddeo rindo e refor\u00e7ando que acreditava na enteada, mantendo o tom leve do encontro.<\/p>\n<p>\t Projetos futuros de Rafa Justus <\/p>\n<p>Cursando o segundo ano do Ensino M\u00e9dio, Rafaella Justus contou, em entrevista \u00e0 Quem, que pensa em seguir Psicologia ou Marketing e que pretende estudar no exterior. Inicialmente interessada em Londres, a jovem agora mira Boston, nos Estados Unidos.<\/p>\n<p>Rafa tamb\u00e9m comentou sobre a mudan\u00e7a do padrasto, C\u00e9sar Tralli, para o Rio de Janeiro ap\u00f3s assumir o Jornal Nacional. Embora Ticiane Pinheiro e a irm\u00e3 Manuella devam se mudar para a capital fluminense, ela afirmou que, por enquanto, continuar\u00e1 em S\u00e3o Paulo para concluir o Ensino M\u00e9dio e permanecer perto de amigos e familiares. Ainda assim, n\u00e3o descarta uma mudan\u00e7a futura.<\/p>\n<blockquote class=\"instagram-media\" style=\"background: #FFF; border: 0; border-radius: 3px; box-shadow: 0 0 1px 0 rgba(0,0,0,0.5),0 1px 10px 0 rgba(0,0,0,0.15); margin: 1px; max-width: 540px; min-width: 326px; padding: 0; width: calc(100% - 2px);\" data-instgrm-captioned=\"\" data-instgrm-permalink=\"https:\/\/www.instagram.com\/p\/DQnfx-rjtEO\/?utm_source=ig_embed&amp;utm_campaign=loading\" data-instgrm-version=\"14\"><\/blockquote>\n<p>Leia tamb\u00e9m: <a href=\"https:\/\/caras.com.br\/atualidades\/rafaella-justus-apresenta-surpresa-e-ticiane-pinheiro-solta-namorado-da-rafa.phtml\" rel=\"nofollow noopener\" target=\"_blank\">Rafaella Justus apresenta surpresa e Ticiane Pinheiro solta: \u2018Namorado da Rafa\u2019<\/a><\/p>\n<p>        <a href=\"https:\/\/caras.com.br\/autor\/izabella-nicolau\" rel=\"nofollow noopener\" target=\"_blank\">&#13;<br \/>\n          <img loading=\"lazy\" decoding=\"async\" alt=\"Izabella Nicolau\" src=\"https:\/\/www.europesays.com\/pt\/wp-content\/uploads\/2025\/10\/1761546134_794_whatsapp_image_2025-08-12_at_15.10.50_1_sqmd.jpeg\" class=\"avatar avatar-115 photo rounded-circle\" height=\"115\" width=\"115\"\/>        <\/a><\/p>\n<p><strong>Izabella Nicolau<\/strong> \u00e9 rep\u00f3rter de conte\u00fado do site CARAS. Formada em jornalismo, j\u00e1 passou por sites como Observat\u00f3rio do Cinema e Ultraverso. Escreve sobre cultura, entretenimento e celebridades.<\/p>\n<p>                                                                    <script async src=\"\/\/www.instagram.com\/embed.js\"><\/script><\/p>\n","protected":false},"excerpt":{"rendered":"Ana Paula Siebert registrou um momento inusitado nesta quarta-feira, 19, ao encontrar Rafa\u00a0Justus em um shopping de S\u00e3o&hellip;\n","protected":false},"author":2,"featured_media":158908,"comment_status":"","ping_status":"","sticky":false,"template":"","format":"standard","meta":{"footnotes":""},"categories":[145],"tags":[211,210,114,115,32,33],"class_list":{"0":"post-158907","1":"post","2":"type-post","3":"status-publish","4":"format-standard","5":"has-post-thumbnail","7":"category-celebridades","8":"tag-celebridades","9":"tag-celebrities","10":"tag-entertainment","11":"tag-entretenimento","12":"tag-portugal","13":"tag-pt"},"share_on_mastodon":{"url":"https:\/\/pubeurope.com\/@pt\/115582556294803551","error":""},"_links":{"self":[{"href":"https:\/\/www.europesays.com\/pt\/wp-json\/wp\/v2\/posts\/158907","targetHints":{"allow":["GET"]}}],"collection":[{"href":"https:\/\/www.europesays.com\/pt\/wp-json\/wp\/v2\/posts"}],"about":[{"href":"https:\/\/www.europesays.com\/pt\/wp-json\/wp\/v2\/types\/post"}],"author":[{"embeddable":true,"href":"https:\/\/www.europesays.com\/pt\/wp-json\/wp\/v2\/users\/2"}],"replies":[{"embeddable":true,"href":"https:\/\/www.europesays.com\/pt\/wp-json\/wp\/v2\/comments?post=158907"}],"version-history":[{"count":0,"href":"https:\/\/www.europesays.com\/pt\/wp-json\/wp\/v2\/posts\/158907\/revisions"}],"wp:featuredmedia":[{"embeddable":true,"href":"https:\/\/www.europesays.com\/pt\/wp-json\/wp\/v2\/media\/158908"}],"wp:attachment":[{"href":"https:\/\/www.europesays.com\/pt\/wp-json\/wp\/v2\/media?parent=158907"}],"wp:term":[{"taxonomy":"category","embeddable":true,"href":"https:\/\/www.europesays.com\/pt\/wp-json\/wp\/v2\/categories?post=158907"},{"taxonomy":"post_tag","embeddable":true,"href":"https:\/\/www.europesays.com\/pt\/wp-json\/wp\/v2\/tags?post=158907"}],"curies":[{"name":"wp","href":"https:\/\/api.w.org\/{rel}","templated":true}]}}