{"id":158914,"date":"2025-11-20T14:50:13","date_gmt":"2025-11-20T14:50:13","guid":{"rendered":"https:\/\/www.europesays.com\/pt\/158914\/"},"modified":"2025-11-20T14:50:13","modified_gmt":"2025-11-20T14:50:13","slug":"marisa-susana-acerta-em-cheio-no-segredo-de-pedro-as-imagens-completas-do-momento-secret-story","status":"publish","type":"post","link":"https:\/\/www.europesays.com\/pt\/158914\/","title":{"rendered":"Marisa Susana acerta em cheio no segredo de Pedro! As imagens completas do momento &#8211; Secret Story"},"content":{"rendered":"<p><strong>Pedro e Marisa t\u00eam conseguido esconder os segredos que t\u00eam em comum<\/strong>, mas o sucesso desta miss\u00e3o parece estar por um fio. Na madrugada desta quinta-feira, 20 de novembro, depois de um striptease de <strong>Pedro a Marisa Susana,<\/strong> o desconforto de Marisa foi evidente e n\u00e3o passou despercebido dos colegas.<\/p>\n<p>Depois da festa de despedida de solteira onde aconteceu o striptease, <a href=\"https:\/\/tvi.iol.pt\/secretstory\/videos\/eles-sao-um-casal-leandro-e-marisa-susana-ja-nao-tem-duvidas-sobre-pedro-e-marisa\/691edf3c0cf28fe430486836\" rel=\"nofollow noopener\" target=\"_blank\">Marisa Susana confessou a Leandro que j\u00e1 n\u00e3o tem d\u00favidas: <\/a>Pedro e Marisa s\u00e3o um casal verdadeiro. <strong>Leandro corrobora a teoria e os dois partilham momentos <\/strong>em que o casalinho deixou escapar algumas pistas de que h\u00e1 demasiada intimidade entre os dois.\u00a0<\/p>\n<p><strong>Marisa Susana<\/strong> <a href=\"https:\/\/tvi.iol.pt\/secretstory\/videos\/eles-sao-um-casal-leandro-e-marisa-susana-ja-nao-tem-duvidas-sobre-pedro-e-marisa\/691edf3c0cf28fe430486836\" rel=\"nofollow noopener\" target=\"_blank\">foi mais longe e acabou por acertar em cheio no segredo de Pedro<\/a>, mesmo sem saber. \u00abEle \u00e9 o pai dos meninos\u00bb, atirou. Leandro acrescentou:<strong> \u00abIsso eu n\u00e3o sei, mas deve ser de certeza\u00bb.\u00a0<\/strong><\/p>\n<p>Note-se que o segredo de Marisa \u00e9 <strong>\u00abO meu marido est\u00e1 na casa\u00bb <\/strong>e o de Pedro Jorge \u00e9<strong> \u00abA m\u00e3e dos meus filhos est\u00e1 na casa\u00bb.<\/strong>\u00a0<br \/>\u00a0<\/p>\n","protected":false},"excerpt":{"rendered":"Pedro e Marisa t\u00eam conseguido esconder os segredos que t\u00eam em comum, mas o sucesso desta miss\u00e3o parece&hellip;\n","protected":false},"author":2,"featured_media":158915,"comment_status":"","ping_status":"","sticky":false,"template":"","format":"standard","meta":{"footnotes":""},"categories":[85],"tags":[19374,19373,114,115,19184,19153,14646,19375,32,33],"class_list":{"0":"post-158914","1":"post","2":"type-post","3":"status-publish","4":"format-standard","5":"has-post-thumbnail","7":"category-entretenimento","8":"tag-confrontos-concorrentes","9":"tag-discussoes-secret-story","10":"tag-entertainment","11":"tag-entretenimento","12":"tag-marisa","13":"tag-marisa-susana","14":"tag-pedro","15":"tag-polemicas","16":"tag-portugal","17":"tag-pt"},"share_on_mastodon":{"url":"https:\/\/pubeurope.com\/@pt\/115582587560163575","error":""},"_links":{"self":[{"href":"https:\/\/www.europesays.com\/pt\/wp-json\/wp\/v2\/posts\/158914","targetHints":{"allow":["GET"]}}],"collection":[{"href":"https:\/\/www.europesays.com\/pt\/wp-json\/wp\/v2\/posts"}],"about":[{"href":"https:\/\/www.europesays.com\/pt\/wp-json\/wp\/v2\/types\/post"}],"author":[{"embeddable":true,"href":"https:\/\/www.europesays.com\/pt\/wp-json\/wp\/v2\/users\/2"}],"replies":[{"embeddable":true,"href":"https:\/\/www.europesays.com\/pt\/wp-json\/wp\/v2\/comments?post=158914"}],"version-history":[{"count":0,"href":"https:\/\/www.europesays.com\/pt\/wp-json\/wp\/v2\/posts\/158914\/revisions"}],"wp:featuredmedia":[{"embeddable":true,"href":"https:\/\/www.europesays.com\/pt\/wp-json\/wp\/v2\/media\/158915"}],"wp:attachment":[{"href":"https:\/\/www.europesays.com\/pt\/wp-json\/wp\/v2\/media?parent=158914"}],"wp:term":[{"taxonomy":"category","embeddable":true,"href":"https:\/\/www.europesays.com\/pt\/wp-json\/wp\/v2\/categories?post=158914"},{"taxonomy":"post_tag","embeddable":true,"href":"https:\/\/www.europesays.com\/pt\/wp-json\/wp\/v2\/tags?post=158914"}],"curies":[{"name":"wp","href":"https:\/\/api.w.org\/{rel}","templated":true}]}}