{"id":158916,"date":"2025-11-20T14:53:10","date_gmt":"2025-11-20T14:53:10","guid":{"rendered":"https:\/\/www.europesays.com\/pt\/158916\/"},"modified":"2025-11-20T14:53:10","modified_gmt":"2025-11-20T14:53:10","slug":"papa-diante-do-tumulo-de-sao-francisco-o-mundo-busca-sinais-de-esperanca","status":"publish","type":"post","link":"https:\/\/www.europesays.com\/pt\/158916\/","title":{"rendered":"Papa diante do t\u00famulo de S\u00e3o Francisco: o mundo busca sinais de esperan\u00e7a"},"content":{"rendered":"<p>Le\u00e3o XIV chegou na cidade italiana de Assis, onde se encontra ainda na manh\u00e3 desta quinta-feira (20\/11) com os bispos da Confer\u00eancia Episcopal Italiana (CEI) reunidos para a 81\u00aa Assembleia Geral. Antes do encontro na Bas\u00edlica de Santa Maria dos Anjos, uma parada na Bas\u00edlica Inferior de S\u00e3o Francisco para prestar homenagem ao santo da \u00dambria diante do t\u00famulo que abriga os seus restos mortais desde 1230.<\/p>\n<p>     <a href=\"https:\/\/www.vaticannews.va\/pt\/vaticano\/news\/2025-11\/papa-leao-xiv-encontro-bispos-italianos-assis-porciuncula-2025.html\" title=\"O encontro do Papa com os bispos italianos nesta quinta-feira, na Porci\u00fancula, em Assis\" rel=\"nofollow noopener\" target=\"_blank\"><\/p>\n<p>        <img decoding=\"async\" src=\"data:image\/gif;base64,R0lGODlhAQABAIAAAAAAAP\/\/\/yH5BAEAAAAALAAAAAABAAEAAAIBRAA7\" data-original=\"https:\/\/www.vaticannews.va\/content\/dam\/vaticannews\/agenzie\/images\/srv\/2025\/05\/21\/2025-05-21-udienza-generale\/1747821716958.JPG\/_jcr_content\/renditions\/cq5dam.thumbnail.cropped.500.281.jpeg\" alt=\"O encontro do Papa com os bispos italianos nesta quinta-feira, na Porci\u00fancula, em Assis\"\/><\/p>\n<p>      <\/a><\/p>\n<p>\n      A leitura do Pe. Fabio Nardelli, eclesi\u00f3logo, sobre o encontro entre o Papa e os bispos no final da 81\u00aa Assembleia da Confer\u00eancia Episcopal Italiana (CEI). A entrevista intitualada &#8230;\n     <\/p>\n<p><b>Benedetta Capelli &#8211; Assis<\/b><\/p>\n<p>\u201c\u00c9 uma b\u00ean\u00e7\u00e3o poder vir hoje a este lugar sagrado. Estamos pr\u00f3ximos dos 800 anos da morte de S\u00e3o Francisco, o que nos d\u00e1 a oportunidade de nos prepararmos para celebrar este grande Santo humilde e pobre, enquanto o mundo busca sinais de esperan\u00e7a\u201d. Essas foram as primeiras palavras p\u00fablicas que o Papa Le\u00e3o XIV pronunciou na cidade italiana de Assis, diante do t\u00famulo de S\u00e3o Francisco, primeira etapa de sua visita \u00e0 cidade da \u00dambria, onde nesta quinta-feira, 20 de novembro, se re\u00fane com os bispos da Confer\u00eancia Episcopal Italiana (CEI), ao final da 81\u00aa Assembleia Geral.<\/p>\n<p>A chegada a Assis <\/p>\n<p>O Pont\u00edfice chegou na parte da manh\u00e3 de helic\u00f3ptero, aterrando ap\u00f3s as 8h do hor\u00e1rio local no Est\u00e1dio de Bastia Umbra. De l\u00e1, seguiu de carro para a cidade do Santo da \u00dambria, terra de arte, hist\u00f3ria, cultura, devo\u00e7\u00e3o, destino de milh\u00f5es de peregrinos, entre os quais tamb\u00e9m 20 Pont\u00edfices que a visitaram ao longo dos s\u00e9culos. Papa Francisco, acima de tudo, que em Assis, em 2020, <a href=\"https:\/\/www.vaticannews.va\/pt\/papa\/news\/2020-10\/papa-francisco-enciclica-fratelli-tutti0.html\" target=\"_blank\" rel=\"nofollow noopener\">assinou tamb\u00e9m a Enc\u00edclica Fratelli tutti<\/a>.<\/p>\n<p>A recep\u00e7\u00e3o na Bas\u00edlica inferior <\/p>\n<p>Agora \u00e9 a vez do Papa Le\u00e3o que, antes de se dirigir \u00e0 Bas\u00edlica de Santa Maria dos Anjos para o encontro com a CEI, pouco depois das 8h30, quis visitar o t\u00famulo do santo padroeiro da It\u00e1lia. \u00c0 espera de Le\u00e3o XIV na pra\u00e7a, sob uma chuva forte e uma temperatura fria, alguns fi\u00e9is que o receberam com coros de \u201cViva o Papa\u201d. Presentes na entrada da Bas\u00edlica, o presidente da CEI, o cardeal Matteo Zuppi, e o cust\u00f3dio do Sacro Convento, Frei Marco Moroni, que, juntamente com outros frades, acompanharam o Sucessor de Pedro at\u00e9 a cripta, iluminada pela l\u00e2mpada votiva, alimentada pelo \u00f3leo doado este ano pela Regi\u00e3o de Abruzzo, na qual est\u00e1 gravado um verso do Para\u00edso de Dante: \u201cN\u00e3o \u00e9 sen\u00e3o um raio de sua luz\u201d. Uma homenagem que chega perto das comemora\u00e7\u00f5es dos 800 anos da morte do frade com a exposi\u00e7\u00e3o de seus restos mortais.<\/p>\n<p>A ora\u00e7\u00e3o no t\u00famulo do Pobrezinho <\/p>\n<p>L\u00e1, diante daquelas antigas paredes de pedra que, diretamente sob o altar-mor da Bas\u00edlica, guardam o corpo do santo, um momento \u00edntimo, de sil\u00eancio e recolhimento. Em seguida, algumas palavras, transmitidas para a parte externa do local atrav\u00e9s de altofalantes, reitera a mensagem de esperan\u00e7a que esta pequena mas grande figura continua a difundir na Igreja e no mundo ap\u00f3s s\u00e9culos.<\/p>\n","protected":false},"excerpt":{"rendered":"Le\u00e3o XIV chegou na cidade italiana de Assis, onde se encontra ainda na manh\u00e3 desta quinta-feira (20\/11) com&hellip;\n","protected":false},"author":2,"featured_media":158917,"comment_status":"","ping_status":"","sticky":false,"template":"","format":"standard","meta":{"footnotes":""},"categories":[50],"tags":[7454,27,28,32011,33910,15,16,14,545,25,26,21,22,62,12,13,19,20,6666,811,23,24,33911,17,18,29,30,31,63,64,65],"class_list":{"0":"post-158916","1":"post","2":"type-post","3":"status-publish","4":"format-standard","5":"has-post-thumbnail","7":"category-mundo","8":"tag-bispos","9":"tag-breaking-news","10":"tag-breakingnews","11":"tag-cei","12":"tag-conferencia-episcopal","13":"tag-featured-news","14":"tag-featurednews","15":"tag-headlines","16":"tag-igreja-catolica","17":"tag-latest-news","18":"tag-latestnews","19":"tag-main-news","20":"tag-mainnews","21":"tag-mundo","22":"tag-news","23":"tag-noticias","24":"tag-noticias-principais","25":"tag-noticiasprincipais","26":"tag-oracao","27":"tag-papa-leao-xiv","28":"tag-principais-noticias","29":"tag-principaisnoticias","30":"tag-sao-francisco","31":"tag-top-stories","32":"tag-topstories","33":"tag-ultimas","34":"tag-ultimas-noticias","35":"tag-ultimasnoticias","36":"tag-world","37":"tag-world-news","38":"tag-worldnews"},"share_on_mastodon":{"url":"https:\/\/pubeurope.com\/@pt\/115582599360842377","error":""},"_links":{"self":[{"href":"https:\/\/www.europesays.com\/pt\/wp-json\/wp\/v2\/posts\/158916","targetHints":{"allow":["GET"]}}],"collection":[{"href":"https:\/\/www.europesays.com\/pt\/wp-json\/wp\/v2\/posts"}],"about":[{"href":"https:\/\/www.europesays.com\/pt\/wp-json\/wp\/v2\/types\/post"}],"author":[{"embeddable":true,"href":"https:\/\/www.europesays.com\/pt\/wp-json\/wp\/v2\/users\/2"}],"replies":[{"embeddable":true,"href":"https:\/\/www.europesays.com\/pt\/wp-json\/wp\/v2\/comments?post=158916"}],"version-history":[{"count":0,"href":"https:\/\/www.europesays.com\/pt\/wp-json\/wp\/v2\/posts\/158916\/revisions"}],"wp:featuredmedia":[{"embeddable":true,"href":"https:\/\/www.europesays.com\/pt\/wp-json\/wp\/v2\/media\/158917"}],"wp:attachment":[{"href":"https:\/\/www.europesays.com\/pt\/wp-json\/wp\/v2\/media?parent=158916"}],"wp:term":[{"taxonomy":"category","embeddable":true,"href":"https:\/\/www.europesays.com\/pt\/wp-json\/wp\/v2\/categories?post=158916"},{"taxonomy":"post_tag","embeddable":true,"href":"https:\/\/www.europesays.com\/pt\/wp-json\/wp\/v2\/tags?post=158916"}],"curies":[{"name":"wp","href":"https:\/\/api.w.org\/{rel}","templated":true}]}}