{"id":158918,"date":"2025-11-20T14:55:23","date_gmt":"2025-11-20T14:55:23","guid":{"rendered":"https:\/\/www.europesays.com\/pt\/158918\/"},"modified":"2025-11-20T14:55:23","modified_gmt":"2025-11-20T14:55:23","slug":"jovem-de-18-anos-encontrada-morta-debaixo-da-cama-durante-cruzeiro-em-familia","status":"publish","type":"post","link":"https:\/\/www.europesays.com\/pt\/158918\/","title":{"rendered":"Jovem de 18 anos encontrada morta debaixo da cama durante cruzeiro em fam\u00edlia"},"content":{"rendered":"<p class=\"category\"><a href=\"https:\/\/sicnoticias.pt\/mundo\" rel=\"nofollow noopener\" target=\"_blank\">Mundo<\/a><\/p>\n<p>Anna Kepner, uma jovem de 18 anos da Fl\u00f3rida, foi encontrada morta debaixo da cama do seu camarote a bordo do cruzeiro Carnival Horizon, durante uma viagem entre Miami e as Cara\u00edbas. O FBI est\u00e1 a investigar o caso.<\/p>\n<p><img decoding=\"async\" src=\"https:\/\/www.europesays.com\/pt\/wp-content\/uploads\/2025\/11\/1763650523_448_original.webp\" alt=\"O navio de cruzeiro Carnival Horizon atracado no Terminal de Cruzeiros do Caribe, em Oranjestad, Aruba, no dia 11 de novembro de 2025.\"\/><\/p>\n<p>O navio de cruzeiro Carnival Horizon atracado no Terminal de Cruzeiros do Caribe, em Oranjestad, Aruba, no dia 11 de novembro de 2025.<\/p>\n<p>Gary Hershorn \/ GETTY IMAGES<\/p>\n<p><strong>Uma jovem de 18 anos foi encontrada morta debaixo da cama do quarto onde estava instalada num cruzeiro da Carnival Horizon, durante uma viagem com o pai, a madrasta e os tr\u00eas meios-irm\u00e3os, entre Miami e as Cara\u00edbas. O corpo foi descoberto no dia 8 de novembro por uma camareira.<\/strong><\/p>\n<p><strong>Anna Kepner<\/strong>, de 18 anos, l\u00edder de claque e natural de Titusville, na Florida, foi encontrada <strong>morta debaixo da cama, enrolada num cobertor e coberta por coletes salva-vidas.<\/strong><\/p>\n<p>A identidade da jovem, que na noite anterior se tinha sentido indisposta e regressado ao quarto, foi confirmada pela fam\u00edlia numa entrevista \u00e0 <a href=\"https:\/\/abcnews.go.com\/US\/passenger-died-carnival-cruise-ship-identified-18-year\/story?id=127365664\" target=\"_blank\" rel=\"noopener noreferrer nofollow\">ABC News<\/a>. A causa da morte ainda <strong>n\u00e3o foi identificada<\/strong> e, uma vez que o \u00f3bito ocorreu em \u00e1guas internacionais, o caso est\u00e1 a ser <strong>investigado pelo FBI<\/strong>.<\/p>\n<p>Meio-irm\u00e3o da jovem sob suspeita<\/p>\n<p>Sabe-se apenas que <strong>um dos seus meios-irm\u00e3os poder\u00e1 vir a ser acusado<\/strong> de envolvimento na morte de Anna Kepner. Segundo a <a href=\"https:\/\/www.cbsnews.com\/news\/fbi-probing-stepsibling-carnival-cruise-ship-death-florida-teen-anna-kepner\/\" target=\"_blank\" rel=\"noopener noreferrer nofollow\">CBS News<\/a>, que cita uma fonte policial, os dois poder\u00e3o ter tido algum tipo de <strong>desentendimento<\/strong> durante a viagem.<\/p>\n<p>A refer\u00eancia surgiu num pedido apresentado pela madrasta da jovem, <strong>Shauntel Hudston<\/strong>, para reagendar uma audi\u00eancia de div\u00f3rcio devido ao desenvolvimento da investiga\u00e7\u00e3o.<\/p>\n<p>No documento, citado pela esta\u00e7\u00e3o televisiva, pode ler-se: <strong>\u201cSurgiu uma circunst\u00e2ncia extremamente sens\u00edvel e grave que impede a requerida\/m\u00e3e de testemunhar na audi\u00eancia neste momento.\u201d<\/strong><\/p>\n<p>Os investigadores est\u00e3o analisar a videovigil\u00e2ncia, registos de acesso e telem\u00f3vel de Anna Kepner, enquanto o FBI e a seguran\u00e7a do navio interrogam passageiros, tripula\u00e7\u00e3o e familiares. <\/p>\n<p>A Carnival Cruise Line tamb\u00e9m est\u00e1 a cooperar com a investiga\u00e7\u00e3o, que decorre em \u00e1guas internacionais, e garante que <strong>n\u00e3o h\u00e1 amea\u00e7a \u00e0 seguran\u00e7a dos passageiros.<\/strong><\/p>\n","protected":false},"excerpt":{"rendered":"Mundo Anna Kepner, uma jovem de 18 anos da Fl\u00f3rida, foi encontrada morta debaixo da cama do seu&hellip;\n","protected":false},"author":2,"featured_media":158919,"comment_status":"","ping_status":"","sticky":false,"template":"","format":"standard","meta":{"footnotes":""},"categories":[8],"tags":[27,28,15,16,14,25,26,21,22,12,13,19,20,32,23,24,33,17,18,29,30,31],"class_list":{"0":"post-158918","1":"post","2":"type-post","3":"status-publish","4":"format-standard","5":"has-post-thumbnail","7":"category-principais-noticias","8":"tag-breaking-news","9":"tag-breakingnews","10":"tag-featured-news","11":"tag-featurednews","12":"tag-headlines","13":"tag-latest-news","14":"tag-latestnews","15":"tag-main-news","16":"tag-mainnews","17":"tag-news","18":"tag-noticias","19":"tag-noticias-principais","20":"tag-noticiasprincipais","21":"tag-portugal","22":"tag-principais-noticias","23":"tag-principaisnoticias","24":"tag-pt","25":"tag-top-stories","26":"tag-topstories","27":"tag-ultimas","28":"tag-ultimas-noticias","29":"tag-ultimasnoticias"},"share_on_mastodon":{"url":"https:\/\/pubeurope.com\/@pt\/115582607929837838","error":""},"_links":{"self":[{"href":"https:\/\/www.europesays.com\/pt\/wp-json\/wp\/v2\/posts\/158918","targetHints":{"allow":["GET"]}}],"collection":[{"href":"https:\/\/www.europesays.com\/pt\/wp-json\/wp\/v2\/posts"}],"about":[{"href":"https:\/\/www.europesays.com\/pt\/wp-json\/wp\/v2\/types\/post"}],"author":[{"embeddable":true,"href":"https:\/\/www.europesays.com\/pt\/wp-json\/wp\/v2\/users\/2"}],"replies":[{"embeddable":true,"href":"https:\/\/www.europesays.com\/pt\/wp-json\/wp\/v2\/comments?post=158918"}],"version-history":[{"count":0,"href":"https:\/\/www.europesays.com\/pt\/wp-json\/wp\/v2\/posts\/158918\/revisions"}],"wp:featuredmedia":[{"embeddable":true,"href":"https:\/\/www.europesays.com\/pt\/wp-json\/wp\/v2\/media\/158919"}],"wp:attachment":[{"href":"https:\/\/www.europesays.com\/pt\/wp-json\/wp\/v2\/media?parent=158918"}],"wp:term":[{"taxonomy":"category","embeddable":true,"href":"https:\/\/www.europesays.com\/pt\/wp-json\/wp\/v2\/categories?post=158918"},{"taxonomy":"post_tag","embeddable":true,"href":"https:\/\/www.europesays.com\/pt\/wp-json\/wp\/v2\/tags?post=158918"}],"curies":[{"name":"wp","href":"https:\/\/api.w.org\/{rel}","templated":true}]}}