{"id":158920,"date":"2025-11-20T14:56:14","date_gmt":"2025-11-20T14:56:14","guid":{"rendered":"https:\/\/www.europesays.com\/pt\/158920\/"},"modified":"2025-11-20T14:56:14","modified_gmt":"2025-11-20T14:56:14","slug":"wicked-vira-fenomeno-com-milhoes-de-fas-apaixonados","status":"publish","type":"post","link":"https:\/\/www.europesays.com\/pt\/158920\/","title":{"rendered":"&#8216;Wicked&#8217; vira fen\u00f4meno com milh\u00f5es de f\u00e3s apaixonados"},"content":{"rendered":"\n<p class=\" content-text__container theme-color-primary-first-letter\" data-track-category=\"Link no Texto\" data-track-links=\"\"> Ap\u00f3s brilhar nas livrarias e nos palcos dos teatros, as bruxas Elphaba e Glinda concluem sua trajet\u00f3ria nos cinemas com \u201c<a class=\"\" href=\"https:\/\/oglobo.globo.com\/tudo-sobre\/filme\/wicked\/\" rel=\"nofollow noopener\" target=\"_blank\">Wicked<\/a>: parte 2\u201d, com sess\u00f5es a partir de hoje nos cinemas, um ano ap\u00f3s o lan\u00e7amento do primeiro longa, vencedor dos Oscars de melhor figurino e melhor design de produ\u00e7\u00e3o. Mas a hist\u00f3ria n\u00e3o acaba ao fim de cada sess\u00e3o: o filme \u00e9 apenas o mais novo cap\u00edtulo de uma \u201cwickedmania\u201d que promete ser t\u00e3o duradoura como a do cl\u00e1ssico que o inspirou, \u201cO m\u00e1gico de Oz\u201d, que lan\u00e7ou Judy Garland em 1939. <\/p>\n<ul class=\"content-unordered-list\">\n<li><strong>&#8216;Wicked: parte 2&#8217;:<\/strong> <a class=\"\" href=\"https:\/\/oglobo.globo.com\/rioshow\/cinema\/guia\/wicked-parte-2-tudo-que-voce-precisa-saber-antes-de-ver-o-filme-que-estreia-esta-quarta-19-nos-cinemas.ghtml\" rel=\"nofollow noopener\" target=\"_blank\">tudo que voc\u00ea precisa saber antes de ver o filme, que estreia esta quarta (19) nos cinemas<\/a><\/li>\n<li><strong>Fim de namoro, outro amor, turn\u00ea a caminho, mais filmes:<\/strong> <a class=\"\" href=\"https:\/\/oglobo.globo.com\/tudo-sobre\/personalidade\/ariana-grande\/https:\/\/oglobo.globo.com\/cultura\/noticia\/2025\/11\/08\/fim-de-namoro-outro-amor-turne-a-caminho-mais-filmes-ariana-grande-mostra-toda-a-sua-forca-as-vesperas-de-estrear-wicked-2.ghtml\" rel=\"nofollow noopener\" target=\"_blank\">Ariana Grande mostra toda a sua for\u00e7a, \u00e0s v\u00e9speras de estrear &#8216;Wicked 2&#8217;<\/a><\/li>\n<\/ul>\n<p class=\" content-text__container \" data-track-category=\"Link no Texto\" data-track-links=\"\"> \u2014 Quando comecei a pensar em adaptar \u201cWicked\u201d, fiquei com medo de ser um musical \u00e0 moda antiga. A maior parte do texto e das letras foi escrita h\u00e1 mais de 20 anos. Mas a verdade por tr\u00e1s dessa hist\u00f3ria ainda \u00e9 profundamente atual. Quando escuto \u201calgo mudou dentro de mim\/ algo n\u00e3o \u00e9 mais o mesmo\/ cansei de jogar pelas regras do jogo de outra pessoa\u201d (versos do hit \u201cDefying gravity\u201d), sinto que \u00e9 algo que fala muito com o momento do mundo \u2014 destacou o diretor Jon M. Chu em sua passagem por S\u00e3o Paulo para divulgar a obra no m\u00eas passado, ao lado da atriz <a class=\"\" href=\"https:\/\/oglobo.globo.com\/tudo-sobre\/personalidade\/cynthia-erivo\/\" rel=\"nofollow noopener\" target=\"_blank\">Cynthia Erivo<\/a> e do ator Jonathan Ba&#8217;iley, rec\u00e9m-eleito o homem mais sexy do mundo pela revista People. \u2014 \u00c9 um filme que fala sobre fake news e sobre o que acontece quando damos muito poder a algu\u00e9m. <\/p>\n<p class=\" content-text__container \" data-track-category=\"Link no Texto\" data-track-links=\"\"> Releitura de \u201cO maravilhoso m\u00e1gico de Oz\u201d, livro de 1900 de L. Frank Baum, \u201cWicked\u201d tamb\u00e9m nasceu na literatura. Em 1995, \u201cWicked: a hist\u00f3ria n\u00e3o contada das bruxas de Oz\u201d, de Gregory Maguire, fez da \u201cbruxa m\u00e1 do Oeste\u201d uma mulher injusti\u00e7ada que tenta proteger os animais e rompe com o m\u00e1gico que busca dominar Oz sob um regime de medo e tirania. A obra se tornou um best-seller e oito anos depois foi adaptada como musical da Broadway, com letra e m\u00fasica de Stephen Schwartz. <\/p>\n<p>      <img decoding=\"async\" class=\"content-media__image\"  src=\"https:\/\/www.europesays.com\/pt\/wp-content\/uploads\/2025\/11\/1763650573_706_2552-d046-00112-0120r-comp.jpg\" alt=\"Cynthia Erivo e Ariana Grande em cena de &quot;Wicked: Parte 2&quot; \u2014 Foto: Divulga\u00e7\u00e3o \/ Universal Pictures\" width=\"5364\" height=\"3747\" loading=\"lazy\"\/>  Cynthia Erivo e Ariana Grande em cena de &#8220;Wicked: Parte 2&#8221; \u2014 Foto: Divulga\u00e7\u00e3o \/ Universal Pictures        <\/p>\n<p class=\" content-text__container \" data-track-category=\"Link no Texto\" data-track-links=\"\"> Lan\u00e7ado em outubro de 2003, com Idina Menzel e Kristin Chenoweth \u00e0 frente do elenco, o espet\u00e1culo segue at\u00e9 hoje em cartaz em Nova York, onde j\u00e1 faturou mais de US$ 1,7 bilh\u00e3o em mais de 8.500 apresenta\u00e7\u00f5es. \u00c9 o musical com a segunda maior bilheteria da hist\u00f3ria do teatro americano, atr\u00e1s de \u201cO rei le\u00e3o\u201d, com faturamento de US$ 2,1 bilh\u00f5es. <\/p>\n<p class=\" content-text__container \" data-track-category=\"Link no Texto\" data-track-links=\"\"> \u201cWicked\u201d ganhou in\u00fameras montagens pelo mundo, incluindo no Brasil, onde est\u00e1 em cartaz no Teatro Renault, em S\u00e3o Paulo, at\u00e9 o dia 21 de dezembro. Aqui, o musical j\u00e1 vendeu mais de um milh\u00e3o de ingressos, numa prova da for\u00e7a da tal \u201cwickedmania\u201d no pa\u00eds. <\/p>\n<p class=\" content-text__container \" data-track-category=\"Link no Texto\" data-track-links=\"\"> \u2014 Wicked \u00e9 um musical do s\u00e9culo XXI, com temas que ficaram mais contundentes na \u00faltima d\u00e9cada. Cria uma base de superf\u00e3s que permanece mobilizada com o universo da hist\u00f3ria por muito tempo \u2014 conta Carlos Cavalcanti, presidente do Instituto Artium de Cultura, produtor de \u201cWicked\u201d no Brasil. <\/p>\n<p>      <img decoding=\"async\" class=\"content-media__image\"  src=\"https:\/\/www.europesays.com\/pt\/wp-content\/uploads\/2025\/11\/wicked-13-joao-caldas-filho-divulgacao.jpg\" alt=\"Myra Ruiz decola voo em &quot;Wicked \u2014 O musical&quot;, montagem brasileira de musical da Broadway \u2014 Foto: Divulga\u00e7\u00e3o \/ Jo\u00e3o Caldas Filho\" width=\"2626\" height=\"3543\" loading=\"lazy\"\/>  Myra Ruiz decola voo em &#8220;Wicked \u2014 O musical&#8221;, montagem brasileira de musical da Broadway \u2014 Foto: Divulga\u00e7\u00e3o \/ Jo\u00e3o Caldas Filho       <\/p>\n<p class=\" content-text__container \" data-track-category=\"Link no Texto\" data-track-links=\"\"> A produ\u00e7\u00e3o brasileira criou at\u00e9 uma esp\u00e9cie de programa de fidelidade, chamado Melhor Aluno de Shiz. O espectador cadastrado ganha pontos a cada apresenta\u00e7\u00e3o a que assiste. Quem v\u00ea o musical duas vezes, por exemplo, ganha um botton. Para os pr\u00eamios m\u00e1ximos, como uma cobi\u00e7ad\u00edssima vassoura de Elphaba ou uma varinha de Glinda, \u00e9 preciso ver a pe\u00e7a ao menos 30 (!) vezes. O programa j\u00e1 distribuiu 16.883 bottons, 75 vassouras e 38 varinhas (dados entre mar\u00e7o e setembro). <\/p>\n<p class=\" content-text__container \" data-track-category=\"Link no Texto\" data-track-links=\"\"> \u201c\u2018Wicked\u2019 est\u00e1 levando todo o dinheiro da minha casa. A pe\u00e7a fez esse esquema de pir\u00e2mide que vai carimbando at\u00e9 ganhar a vassoura da bruxa. Tem que vir 30 vezes. Eu j\u00e1 fiz o c\u00e1lculo, d\u00e1 um carro popular\u201d, brincou o ator e apresentador Paulo Vieira em v\u00eddeo publicado nas redes sociais, no qual revelou a paix\u00e3o da companheira, Ilana Sales, pelo musical. O casal, inclusive, marcou presen\u00e7a na premi\u00e8re brasileira do filme \u201cWicked: parte 2\u201d em S\u00e3o Paulo. <\/p>\n<ul class=\"content-unordered-list\">\n<li><strong>&#8216;Aqui n\u00e3o, queridinha!&#8217;: <\/strong><a class=\"\" href=\"https:\/\/oglobo.globo.com\/cultura\/filmes\/noticia\/2025\/11\/16\/aqui-nao-queridinha-artistas-contam-como-lidam-com-celulares-e-conversas-da-plateia-no-teatro-e-no-cinema.ghtml\" rel=\"nofollow noopener\" target=\"_blank\">artistas contam como lidam com celulares e conversas da plateia no teatro e no cinema<\/a><\/li>\n<\/ul>\n<p class=\" content-text__container \" data-track-category=\"Link no Texto\" data-track-links=\"\"> Quem tamb\u00e9m j\u00e1 assistiu ao novo longa foi a cantora Priscilla, que recentemente abandonou o sobrenome Alcantra de seu nome art\u00edstico. Ela explica por que o musical a inspira como artista. <\/p>\n<p class=\" content-text__container \" data-track-category=\"Link no Texto\" data-track-links=\"\"> \u2014 \u00c9 muito legal quando a gente v\u00ea este movimento art\u00edstico que usa a fantasia para se comunicar com a realidade. \u201cWicked\u201d aborda diversidade, status, g\u00eanero e muitos outros pontos relevantes. Elphaba \u00e9 v\u00edtima de uma fake news e, mesmo sendo alvo de informa\u00e7\u00f5es desvinculadas, permaneceu fiel \u00e0 verdade e \u00e0 identidade dela \u2014 aponta. <\/p>\n<p class=\" content-text__container \" data-track-category=\"Link no Texto\" data-track-links=\"\"> Com faturamento mundial de US$ 756 milh\u00f5es, \u201cWicked\u201d, o filme de 2024, superou os US$ 706 milh\u00f5es de \u201cMamma mia!\u201d (2008), assumindo o posto de adapta\u00e7\u00e3o cinematogr\u00e1fica da Broadway de maior bilheteria da Hist\u00f3ria, recorde que pode ser batido com esta continua\u00e7\u00e3o. <\/p>\n<p class=\" content-text__container \" data-track-category=\"Link no Texto\" data-track-links=\"\"> O longa-metragem ajudou a impulsionar outros recordes. No fim do ano passado, o musical se tornou a primeira (e, por enquanto, a \u00fanica) pe\u00e7a da hist\u00f3ria da Broadway a superar o valor de US$ 5 milh\u00f5es de faturamento em uma \u00fanica semana. A trilha sonora do filme logo assumiu a lideran\u00e7a nas paradas da Billboard dentre os discos mais vendidos. Can\u00e7\u00f5es como \u201cPopular\u201d e \u201cDefying gravity\u201d acumularam milh\u00f5es de execu\u00e7\u00f5es nas plataformas musicias. <\/p>\n<p class=\" content-text__container \" data-track-category=\"Link no Texto\" data-track-links=\"\"> \u2014 Por 21 anos, \u201cWicked\u201d foi um fen\u00f4meno imenso, mas exclusivo do teatro musical. Agora s\u00e3o centenas de milh\u00f5es de espectadores, nas salas de cinema e no streaming. Tornou-se um fen\u00f4meno de amplo espectro no universo cultural e do entretenimento \u2014 compara o produtor Carlos Cavalcanti. <\/p>\n<ul class=\"content-unordered-list\">\n<li><strong>Sess\u00e3o de gala:<\/strong> <a class=\"\" href=\"https:\/\/oglobo.globo.com\/cultura\/filmes\/noticia\/2025\/11\/04\/sem-ariana-mas-com-mangueira-e-homem-mais-sexy-do-mundo-premiere-de-wicked-parte-2-agita-fas-em-sp.ghtml\" rel=\"nofollow noopener\" target=\"_blank\">Sem Ariana, mas com Mangueira e \u2018homem mais sexy do mundo\u2019, premi\u00e8re de \u2018Wicked: Parte 2\u2019 agita f\u00e3s em SP<\/a><\/li>\n<\/ul>\n<p class=\" content-text__container \" data-track-category=\"Link no Texto\" data-track-links=\"\"> Ex-integrante da girl band Rouge, a cantora e atriz Karin Hils, que interpreta Madame Morrible na atual montagem de \u201cWicked \u2014 O musical\u201d, em S\u00e3o Paulo, credita aos filmes o fato de a hist\u00f3ria ter se tornado uma febre em m\u00faltiplas \u00e1reas. A nova leva de f\u00e3s chega a irritar outros espectadores da pe\u00e7a, ao cantar as m\u00fasicas de forma t\u00e3o apaixonada que atrapalham quem est\u00e1 na poltrona ao lado. <\/p>\n<p class=\" content-text__container \" data-track-category=\"Link no Texto\" data-track-links=\"\"> \u2014 A gente sente essa energia no palco, e ela faz toda a diferen\u00e7a \u2014 defende Hils. \u2014 Claro que existem momentos em que \u00e9 importante preservar a concentra\u00e7\u00e3o e o ritmo da cena, mas essa paix\u00e3o vem do amor pela hist\u00f3ria, pelos personagens, pelos atores. \u00c9 uma troca muito bonita. <\/p>\n<p>      <img decoding=\"async\" class=\"content-media__image\"  src=\"https:\/\/www.europesays.com\/pt\/wp-content\/uploads\/2025\/11\/whatsapp-image-2025-11-07-at-13.49.13.jpeg\" alt=\"F\u00e3 de &quot;Wicked&quot;, Rafael Teles registra encontro com Myra Ruiz e Fabi Bang, as Elphaba e Glinda brasileiras \u2014 Foto: Reprodu\u00e7\u00e3o \/ Arquivo pessoal\" width=\"1080\" height=\"1080\" loading=\"lazy\"\/>  F\u00e3 de &#8220;Wicked&#8221;, Rafael Teles registra encontro com Myra Ruiz e Fabi Bang, as Elphaba e Glinda brasileiras \u2014 Foto: Reprodu\u00e7\u00e3o \/ Arquivo pessoal       <\/p>\n<p class=\" content-text__container \" data-track-category=\"Link no Texto\" data-track-links=\"\"> Com cerca de 200 mil seguidores nas redes sociais, a comunidade de f\u00e3s Wicked Brasil se esfor\u00e7a para atualizar os apaixonados pela franquia de tudo o que est\u00e1 relacionado a esta hist\u00f3ria. Um dos quatro administradores da comunidade, Rafael Teles conta que conhece f\u00e3s que j\u00e1 ultrapassaram a marca de 50 sess\u00f5es no teatro. Ele assistiu a \u201capenas\u201d 16, porque mora em Goi\u00e2nia. <\/p>\n<p class=\" content-text__container \" data-track-category=\"Link no Texto\" data-track-links=\"\"> \u2014 Cada ida ao teatro significa pegar um avi\u00e3o para S\u00e3o Paulo, planejar, encaixar agenda e juntar dinheiro. Tudo s\u00f3 para viver aquela experi\u00eancia mais uma vez. Mas cada vez valeu a pena. Cada sess\u00e3o foi como se fosse a primeira. \u2014 conta Rafael. \u2014 Por tr\u00e1s das m\u00fasicas marcantes, do humor e do brilho, existe uma hist\u00f3ria humana sobre ser diferente e ser julgado por isso. <\/p>\n<p class=\" content-text__container \" data-track-category=\"Link no Texto\" data-track-links=\"\"> Teles destaca que os \u201ccontaminados\u201d n\u00e3o acompanham apenas not\u00edcias, trilhas, montagens e elenco: eles absorvem e vivem a mensagem que a hist\u00f3ria passa. <\/p>\n<p class=\" content-text__container \" data-track-category=\"Link no Texto\" data-track-links=\"\"> \u2014 \u00c9 algu\u00e9m que carrega a ideia de que ser diferente \u00e9 especial, que tenta enxergar o mundo com mais empatia, e que acredita na for\u00e7a da amizade e da coragem para fazer o que \u00e9 certo \u2014 explica. \u2014 O f\u00e3 de Wicked se emociona com uma nota de \u201cDefying gravity\u201d, se arrepia com \u201cFor good\u201d e encontra nessa hist\u00f3ria um lugar de acolhimento. <\/p>\n","protected":false},"excerpt":{"rendered":"Ap\u00f3s brilhar nas livrarias e nos palcos dos teatros, as bruxas Elphaba e Glinda concluem sua trajet\u00f3ria nos&hellip;\n","protected":false},"author":2,"featured_media":158921,"comment_status":"","ping_status":"","sticky":false,"template":"","format":"standard","meta":{"footnotes":""},"categories":[145],"tags":[1940,211,210,21898,114,115,32,33,679,5069],"class_list":{"0":"post-158920","1":"post","2":"type-post","3":"status-publish","4":"format-standard","5":"has-post-thumbnail","7":"category-celebridades","8":"tag-ariana-grande","9":"tag-celebridades","10":"tag-celebrities","11":"tag-cynthia-erivo","12":"tag-entertainment","13":"tag-entretenimento","14":"tag-portugal","15":"tag-pt","16":"tag-reportagem","17":"tag-wicked"},"share_on_mastodon":{"url":"https:\/\/pubeurope.com\/@pt\/115582611242619473","error":""},"_links":{"self":[{"href":"https:\/\/www.europesays.com\/pt\/wp-json\/wp\/v2\/posts\/158920","targetHints":{"allow":["GET"]}}],"collection":[{"href":"https:\/\/www.europesays.com\/pt\/wp-json\/wp\/v2\/posts"}],"about":[{"href":"https:\/\/www.europesays.com\/pt\/wp-json\/wp\/v2\/types\/post"}],"author":[{"embeddable":true,"href":"https:\/\/www.europesays.com\/pt\/wp-json\/wp\/v2\/users\/2"}],"replies":[{"embeddable":true,"href":"https:\/\/www.europesays.com\/pt\/wp-json\/wp\/v2\/comments?post=158920"}],"version-history":[{"count":0,"href":"https:\/\/www.europesays.com\/pt\/wp-json\/wp\/v2\/posts\/158920\/revisions"}],"wp:featuredmedia":[{"embeddable":true,"href":"https:\/\/www.europesays.com\/pt\/wp-json\/wp\/v2\/media\/158921"}],"wp:attachment":[{"href":"https:\/\/www.europesays.com\/pt\/wp-json\/wp\/v2\/media?parent=158920"}],"wp:term":[{"taxonomy":"category","embeddable":true,"href":"https:\/\/www.europesays.com\/pt\/wp-json\/wp\/v2\/categories?post=158920"},{"taxonomy":"post_tag","embeddable":true,"href":"https:\/\/www.europesays.com\/pt\/wp-json\/wp\/v2\/tags?post=158920"}],"curies":[{"name":"wp","href":"https:\/\/api.w.org\/{rel}","templated":true}]}}