{"id":158922,"date":"2025-11-20T14:59:10","date_gmt":"2025-11-20T14:59:10","guid":{"rendered":"https:\/\/www.europesays.com\/pt\/158922\/"},"modified":"2025-11-20T14:59:10","modified_gmt":"2025-11-20T14:59:10","slug":"casa-dos-segredos-o-passado-polemico-de-ines-envolveu-se-com-a-dama-de-honor","status":"publish","type":"post","link":"https:\/\/www.europesays.com\/pt\/158922\/","title":{"rendered":"Casa dos Segredos &#8211; O passado pol\u00e9mico de In\u00eas: &#8220;Envolveu-se com a dama de honor&#8221;"},"content":{"rendered":"<p><strong>In\u00eas Gama <\/strong>entrou na <strong>Casa dos Segredos<\/strong> com um passado turbulento. A residente do Montijo estava noiva de um ex-namorado, mas <strong>&#8220;cancelou o casamento por causa da dama de honor&#8221;<\/strong>.<\/p>\n<p><strong>Vera Cl\u00e1udia<\/strong>, que no programa mantinha grande aproxima\u00e7\u00e3o com a\u00a0nail designer, deu mais detalhes \u00e0 TV Guia sobre o pol\u00e9mico segredo da ex-colega.<\/p>\n<p>&#8220;O que eu sei, o que se sabe na Internet e o que me contaram \u00e9 que <strong>a In\u00eas e o namorado tinham uma rela\u00e7\u00e3o muito aberta, com muitas experi\u00eancias e que o namorado descobriu que ela se envolveu com a dama de honor pouco antes do casamento<\/strong>. Ele ficou danado e ela, com vergonha, decidiu n\u00e3o seguir em frente com o casamento&#8221;, revelou.<\/p>\n<blockquote>\n<p>Leia mais: Casa dos Segredos &#8211; <a href=\"https:\/\/www.novagente.pt\/casa-dos-segredos-finalmente-marisa-susana-descobre-segredo-de-marisa-pedro-ele-pai\" rel=\"nofollow noopener\" target=\"_blank\">Finalmente! Marisa Susana descobre &#8216;segredo&#8217; de Marisa e Pedro: &#8220;Ele \u00e9 o pai&#8230;&#8221;<\/a><\/p>\n<\/blockquote>\n<p>Vera come\u00e7ou a desconfiar assim que os concorrentes receberam sinais da produ\u00e7\u00e3o.\u00a0&#8220;Quando enviaram a pista para dentro da casa isso era \u00f3bvio. <strong>Uma noiva e uma dama de honor. N\u00e3o havia noivo!<\/strong>&#8220;, apontou.<\/p>\n<p>C\u00e1 fora, a farmac\u00eautica conseguiu apurar mais informa\u00e7\u00f5es. &#8220;<strong>Ela tinha dito \u00e0 nossa colega L\u00eddia que j\u00e1 tinha tido rela\u00e7\u00f5es com\u00a0mulheres e que o namorado sabia.<\/strong> N\u00e3o adiantou mais mas, <strong>pelo o que me contaram, a hist\u00f3ria do segredo dela \u00e9 essa<\/strong>. Da\u00ed eu ter acreditado, de alguma forma, que podia haver sentimentos dela para comigo. Fui parva&#8230;&#8221;<\/p>\n<p>Bruna Gomes fala sobre Casa dos Segredos<\/p>\n<p>Texto: Lu\u00eds Sigorro; Fotos: Redes sociais<\/p>\n<p class=\"intagram-text\">Siga a Nova Gente no Instagram<\/p>\n<p>                        <a href=\"https:\/\/www.instagram.com\/revistanovagente\/\" target=\"_blank\" aria-label=\"instagram\" rel=\"noopener nofollow\"><img decoding=\"async\" style=\"display: block; margin-left: auto; margin-right: auto; width: 250px; height: 83px;\" src=\"https:\/\/www.europesays.com\/pt\/wp-content\/uploads\/2025\/11\/Instagram_NG.png\" alt=\"instagram\"\/><\/a><br \/>\n                    <script async src=\"\/\/www.instagram.com\/embed.js\"><\/script><\/p>\n","protected":false},"excerpt":{"rendered":"In\u00eas Gama entrou na Casa dos Segredos com um passado turbulento. A residente do Montijo estava noiva de&hellip;\n","protected":false},"author":2,"featured_media":158923,"comment_status":"","ping_status":"","sticky":false,"template":"","format":"standard","meta":{"footnotes":""},"categories":[142],"tags":[2632,33912,114,115,25393,32,33,151],"class_list":{"0":"post-158922","1":"post","2":"type-post","3":"status-publish","4":"format-standard","5":"has-post-thumbnail","7":"category-tv","8":"tag-casa-dos-segredos","9":"tag-dama-de-honor","10":"tag-entertainment","11":"tag-entretenimento","12":"tag-ines-gama","13":"tag-portugal","14":"tag-pt","15":"tag-tv"},"share_on_mastodon":{"url":"https:\/\/pubeurope.com\/@pt\/115582623262721689","error":""},"_links":{"self":[{"href":"https:\/\/www.europesays.com\/pt\/wp-json\/wp\/v2\/posts\/158922","targetHints":{"allow":["GET"]}}],"collection":[{"href":"https:\/\/www.europesays.com\/pt\/wp-json\/wp\/v2\/posts"}],"about":[{"href":"https:\/\/www.europesays.com\/pt\/wp-json\/wp\/v2\/types\/post"}],"author":[{"embeddable":true,"href":"https:\/\/www.europesays.com\/pt\/wp-json\/wp\/v2\/users\/2"}],"replies":[{"embeddable":true,"href":"https:\/\/www.europesays.com\/pt\/wp-json\/wp\/v2\/comments?post=158922"}],"version-history":[{"count":0,"href":"https:\/\/www.europesays.com\/pt\/wp-json\/wp\/v2\/posts\/158922\/revisions"}],"wp:featuredmedia":[{"embeddable":true,"href":"https:\/\/www.europesays.com\/pt\/wp-json\/wp\/v2\/media\/158923"}],"wp:attachment":[{"href":"https:\/\/www.europesays.com\/pt\/wp-json\/wp\/v2\/media?parent=158922"}],"wp:term":[{"taxonomy":"category","embeddable":true,"href":"https:\/\/www.europesays.com\/pt\/wp-json\/wp\/v2\/categories?post=158922"},{"taxonomy":"post_tag","embeddable":true,"href":"https:\/\/www.europesays.com\/pt\/wp-json\/wp\/v2\/tags?post=158922"}],"curies":[{"name":"wp","href":"https:\/\/api.w.org\/{rel}","templated":true}]}}