{"id":158928,"date":"2025-11-20T15:11:14","date_gmt":"2025-11-20T15:11:14","guid":{"rendered":"https:\/\/www.europesays.com\/pt\/158928\/"},"modified":"2025-11-20T15:11:14","modified_gmt":"2025-11-20T15:11:14","slug":"o-vestido-de-georgina-que-foi-aos-oscares-em-2005-observador","status":"publish","type":"post","link":"https:\/\/www.europesays.com\/pt\/158928\/","title":{"rendered":"O vestido de Georgina que foi aos \u00d3scares em 2005 \u2013 Observador"},"content":{"rendered":"<p>A pe\u00e7a fez sucesso em 2005 pelo decote profundo na parte de tr\u00e1s, uma escolha bastante diferente do que se viu naquele ano na red carpet. \u201cAntes de virar-se para revelar as costas nuas, <strong>o vestido parecia uma roupa de freira<\/strong> comparado com a escolha praticamente universal de vestidos sem al\u00e7as das outras atrizes\u201d, <a href=\"https:\/\/www.nytimes.com\/2005\/02\/28\/movies\/oscars\/business-meets-pleasure-in-dressing-for-the-big-night.html\" target=\"_blank\" rel=\"noopener nofollow\">escreveu na altura o New York Times.<\/a> <strong>Uma escolha que ter\u00e1 sido, afinal, de \u00faltima hora<\/strong>, j\u00e1 que Swank deveria usar uma pe\u00e7a Calvin Klein, marca para a qual j\u00e1 fazia campanhas de roupa interior, e com quem estava a <strong>planear um modelo sob medida h\u00e1 dois meses<\/strong>. \u201cQuer\u00edamos que fosse o nosso vestido, mas \u00e0s vezes acontece\u201d, disse Kim Vernon, vice presidente da Calvin Klein, ao jornal. \u201cNo \u00faltimo minuto, era aquele vestido que ela queria usar nesta noite\u201d.<\/p>\n<p><a href=\"https:\/\/nypost.com\/2005\/03\/01\/back-splash\/\" target=\"_blank\" rel=\"noopener nofollow\">J\u00e1 o New York Post publicou<\/a> que a atriz <strong>escolheu de prop\u00f3sito a pe\u00e7a em Nova Iorque, duas semanas antes dos \u00d3scares<\/strong>. \u201cEstava a fazer uma sess\u00e3o fotogr\u00e1fica para a capa da Vogue Alemanha e perguntaram-me se poder\u00edamos enviar uns vestidos\u201d, disse Georges Bully, o ent\u00e3o gerente de comunica\u00e7\u00e3o da Guy Laroche. \u201cQuando provou a pe\u00e7a disse: \u2018quero isto para os \u00d3scares&#8217;\u201d. \u201cIsto \u00e9 incr\u00edvel\u201d, comemorou ainda o porta-voz da pequena maison francesa, adicionando que <strong>o modelo usado por Swank na red carpet foi oferecido \u00e0 atriz como presente<\/strong>, mas antes regressou a Paris para servir de molde para a confe\u00e7\u00e3o de outras pe\u00e7as.<\/p>\n","protected":false},"excerpt":{"rendered":"A pe\u00e7a fez sucesso em 2005 pelo decote profundo na parte de tr\u00e1s, uma escolha bastante diferente do&hellip;\n","protected":false},"author":2,"featured_media":158929,"comment_status":"","ping_status":"","sticky":false,"template":"","format":"standard","meta":{"footnotes":""},"categories":[145],"tags":[211,210,114,115,186,32,33],"class_list":{"0":"post-158928","1":"post","2":"type-post","3":"status-publish","4":"format-standard","5":"has-post-thumbnail","7":"category-celebridades","8":"tag-celebridades","9":"tag-celebrities","10":"tag-entertainment","11":"tag-entretenimento","12":"tag-lifestyle","13":"tag-portugal","14":"tag-pt"},"share_on_mastodon":{"url":"https:\/\/pubeurope.com\/@pt\/115582670131842516","error":""},"_links":{"self":[{"href":"https:\/\/www.europesays.com\/pt\/wp-json\/wp\/v2\/posts\/158928","targetHints":{"allow":["GET"]}}],"collection":[{"href":"https:\/\/www.europesays.com\/pt\/wp-json\/wp\/v2\/posts"}],"about":[{"href":"https:\/\/www.europesays.com\/pt\/wp-json\/wp\/v2\/types\/post"}],"author":[{"embeddable":true,"href":"https:\/\/www.europesays.com\/pt\/wp-json\/wp\/v2\/users\/2"}],"replies":[{"embeddable":true,"href":"https:\/\/www.europesays.com\/pt\/wp-json\/wp\/v2\/comments?post=158928"}],"version-history":[{"count":0,"href":"https:\/\/www.europesays.com\/pt\/wp-json\/wp\/v2\/posts\/158928\/revisions"}],"wp:featuredmedia":[{"embeddable":true,"href":"https:\/\/www.europesays.com\/pt\/wp-json\/wp\/v2\/media\/158929"}],"wp:attachment":[{"href":"https:\/\/www.europesays.com\/pt\/wp-json\/wp\/v2\/media?parent=158928"}],"wp:term":[{"taxonomy":"category","embeddable":true,"href":"https:\/\/www.europesays.com\/pt\/wp-json\/wp\/v2\/categories?post=158928"},{"taxonomy":"post_tag","embeddable":true,"href":"https:\/\/www.europesays.com\/pt\/wp-json\/wp\/v2\/tags?post=158928"}],"curies":[{"name":"wp","href":"https:\/\/api.w.org\/{rel}","templated":true}]}}