{"id":158932,"date":"2025-11-20T15:16:15","date_gmt":"2025-11-20T15:16:15","guid":{"rendered":"https:\/\/www.europesays.com\/pt\/158932\/"},"modified":"2025-11-20T15:16:15","modified_gmt":"2025-11-20T15:16:15","slug":"atores-de-crepusculo-desembarcam-no-brasil-em-janeiro-saiba","status":"publish","type":"post","link":"https:\/\/www.europesays.com\/pt\/158932\/","title":{"rendered":"Atores de &#8220;Crep\u00fasculo&#8221; desembarcam no Brasil em janeiro; saiba"},"content":{"rendered":"<p class=\"my-5 break-words group-[.isActiveSource]:text-xl\">O evento &#8220;<strong class=\"group-[.isActiveSource]:text-xl group-[.isActiveSource]:font-bold\">Forks Convention<\/strong>&#8220;, inspirado na saga de filmes &#8220;<strong class=\"group-[.isActiveSource]:text-xl group-[.isActiveSource]:font-bold\">Crep\u00fasculo<\/strong>&#8220;, \u00e9 o primeiro evento da Am\u00e9rica Latina dedicado aos f\u00e3s e acontecer\u00e1 no Distrito Anhembi nos dias 17 e 18 de janeiro de 2026.<\/p>\n<p class=\"my-5 break-words group-[.isActiveSource]:text-xl\">A experi\u00eancia completa tem a participa\u00e7\u00e3o de <strong class=\"group-[.isActiveSource]:text-xl group-[.isActiveSource]:font-bold\">quatro atores do longa<\/strong>, que foram anunciados nesta quarta-feira (19) pelo Instagram da organiza\u00e7\u00e3o <a href=\"https:\/\/www.cnnbrasil.com.br\/entretenimento\/evento-de-crepusculo-trara-atores-da-franquia-para-o-brasil-saiba-mais\/\" target=\"_blank\" rel=\"noopener noreferrer nofollow\" class=\"text-red-600 underline hover:text-red-500 font-medium break-words group-[.isActiveSource]:text-xl\">do evento.<\/a><\/p>\n<p class=\"my-5 break-words group-[.isActiveSource]:text-xl\">Os confirmados s\u00e3o <strong class=\"group-[.isActiveSource]:text-xl group-[.isActiveSource]:font-bold\">Peter Facinelli<\/strong> (Carlisle Cullen),<strong class=\"group-[.isActiveSource]:text-xl group-[.isActiveSource]:font-bold\"> Ashley Greene<\/strong> (Alice Cullen), <strong class=\"group-[.isActiveSource]:text-xl group-[.isActiveSource]:font-bold\">Jackson Rathbone<\/strong> (Jasper Hale) e <strong class=\"group-[.isActiveSource]:text-xl group-[.isActiveSource]:font-bold\">Kellan Lutz<\/strong> (Emmett Cullen). <a href=\"https:\/\/ultratickets.pagtickets.com.br\/forks-convention-twilight-experience__17505\/\" target=\"_blank\" rel=\"noopener noreferrer nofollow\" class=\"text-red-600 underline hover:text-red-500 font-medium break-words group-[.isActiveSource]:text-xl\">Os ingressos est\u00e3o dispon\u00edveis no site oficial de vendas<\/a> e variam de acordo com a experi\u00eancia. De festas com os participantes at\u00e9 pain\u00e9is e sess\u00f5es de aut\u00f3grafo, o evento foi inspirado no universo da <a href=\"https:\/\/www.cnnbrasil.com.br\/entretenimento\/saga-crepusculo-entra-completa-em-catalogo-de-streaming-saiba-onde-ver\/\" target=\"_blank\" rel=\"noopener noreferrer nofollow\" class=\"text-red-600 underline hover:text-red-500 font-medium break-words group-[.isActiveSource]:text-xl\">franquia de sucesso<\/a>.<\/p>\n<p>Sobre a saga<\/p>\n<p class=\"my-5 break-words group-[.isActiveSource]:text-xl\">&#8220;<a href=\"https:\/\/www.cnnbrasil.com.br\/entretenimento\/crepusculo-serie-animada-sobre-a-franquia-e-anunciada-pela-netflix\/\" target=\"_blank\" rel=\"noopener noreferrer nofollow\" class=\"text-red-600 underline hover:text-red-500 font-medium break-words group-[.isActiveSource]:text-xl\">Crep\u00fasculo<\/a>&#8221; acompanha a hist\u00f3ria de Bella Swan, uma jovem t\u00edmida que se muda para a nublada Forks para viver com seu pai, Charlie. Por\u00e9m, o destino acaba colocando o misterioso Edward Cullen em sua vida. Eles se apaixonam, mas ele \u00e9 um tanto incomum: um vampiro de aproximadamente 104 anos.<\/p>\n<p class=\"my-5 break-words group-[.isActiveSource]:text-xl\">Juntos, todos os livros da saga venderam mais de 170 milh\u00f5es de <a href=\"https:\/\/www.cnnbrasil.com.br\/entretenimento\/20-anos-de-crepusculo-obra-ganhara-novas-versoes-em-portugues\/\" target=\"_blank\" rel=\"noopener noreferrer nofollow\" class=\"text-red-600 underline hover:text-red-500 font-medium break-words group-[.isActiveSource]:text-xl\">exemplares ao redor do mundo<\/a>, e foram traduzidos para cerca de 40 idiomas. Al\u00e9m disso, a hist\u00f3ria conquistou tamb\u00e9m o cinema e rendeu cinco filmes, que foram lan\u00e7ados entre 2008 e 2012, e lan\u00e7ou nomes como Kristen Stewart e Robert Pattinson ao estrelato.<\/p>\n","protected":false},"excerpt":{"rendered":"O evento &#8220;Forks Convention&#8220;, inspirado na saga de filmes &#8220;Crep\u00fasculo&#8220;, \u00e9 o primeiro evento da Am\u00e9rica Latina dedicado&hellip;\n","protected":false},"author":2,"featured_media":158933,"comment_status":"","ping_status":"","sticky":false,"template":"","format":"standard","meta":{"footnotes":""},"categories":[140],"tags":[114,115,147,148,146,32,33],"class_list":{"0":"post-158932","1":"post","2":"type-post","3":"status-publish","4":"format-standard","5":"has-post-thumbnail","7":"category-filmes","8":"tag-entertainment","9":"tag-entretenimento","10":"tag-film","11":"tag-filmes","12":"tag-movies","13":"tag-portugal","14":"tag-pt"},"share_on_mastodon":{"url":"https:\/\/pubeurope.com\/@pt\/115582690020687336","error":""},"_links":{"self":[{"href":"https:\/\/www.europesays.com\/pt\/wp-json\/wp\/v2\/posts\/158932","targetHints":{"allow":["GET"]}}],"collection":[{"href":"https:\/\/www.europesays.com\/pt\/wp-json\/wp\/v2\/posts"}],"about":[{"href":"https:\/\/www.europesays.com\/pt\/wp-json\/wp\/v2\/types\/post"}],"author":[{"embeddable":true,"href":"https:\/\/www.europesays.com\/pt\/wp-json\/wp\/v2\/users\/2"}],"replies":[{"embeddable":true,"href":"https:\/\/www.europesays.com\/pt\/wp-json\/wp\/v2\/comments?post=158932"}],"version-history":[{"count":0,"href":"https:\/\/www.europesays.com\/pt\/wp-json\/wp\/v2\/posts\/158932\/revisions"}],"wp:featuredmedia":[{"embeddable":true,"href":"https:\/\/www.europesays.com\/pt\/wp-json\/wp\/v2\/media\/158933"}],"wp:attachment":[{"href":"https:\/\/www.europesays.com\/pt\/wp-json\/wp\/v2\/media?parent=158932"}],"wp:term":[{"taxonomy":"category","embeddable":true,"href":"https:\/\/www.europesays.com\/pt\/wp-json\/wp\/v2\/categories?post=158932"},{"taxonomy":"post_tag","embeddable":true,"href":"https:\/\/www.europesays.com\/pt\/wp-json\/wp\/v2\/tags?post=158932"}],"curies":[{"name":"wp","href":"https:\/\/api.w.org\/{rel}","templated":true}]}}