{"id":158936,"date":"2025-11-20T15:18:08","date_gmt":"2025-11-20T15:18:08","guid":{"rendered":"https:\/\/www.europesays.com\/pt\/158936\/"},"modified":"2025-11-20T15:18:08","modified_gmt":"2025-11-20T15:18:08","slug":"nova-estirpe-de-gripe-esta-a-espalhar-se-invulgarmente-cedo-na-europa-alertam-autoridades-de-saude","status":"publish","type":"post","link":"https:\/\/www.europesays.com\/pt\/158936\/","title":{"rendered":"Nova estirpe de gripe est\u00e1 a espalhar-se invulgarmente cedo na Europa, alertam autoridades de sa\u00fade"},"content":{"rendered":"<p>\n                    Publicado a                 20\/11\/2025 &#8211; 15:00 GMT+1<br \/>\n                \u2022\u00daltimas not\u00edcias<br \/>\n                                     15:40\n                                        <\/p>\n<p>As autoridades de sa\u00fade anteveem uma \u00e9poca gripal dura na Europa, com uma nova estirpe viral a espalhar-se \u201cinvulgarmente cedo\u201d pelo bloco.<\/p>\n<p>As autoridades est\u00e3o a detetar casos de gripe tr\u00eas a quatro semanas mais cedo do que nos dois \u00faltimos anos, de acordo com um novo relat\u00f3rio do Centro Europeu de Preven\u00e7\u00e3o e Controlo das Doen\u00e7as (ECDC), que abrange a Uni\u00e3o Europeia, a Isl\u00e2ndia, o Liechtenstein e a Noruega.<\/p>\n<p>Uma nova estirpe de influenza A, conhecida como subtipo K do H3N2, est\u00e1 a impulsionar a propaga\u00e7\u00e3o do v\u00edrus, disse a ag\u00eancia. \u00c9 a mesma variante a surgir em pa\u00edses como o Reino Unido, onde tamb\u00e9m h\u00e1 <a href=\"https:\/\/pt.euronews.com\/saude\/2025\/10\/25\/a-gripe-esta-a-chegar-a-europa-quao-grave-podera-ser-este-ano\" rel=\"nofollow noopener\" target=\"_blank\"><strong>sinais de uma \u00e9poca gripal mais precoce e mais intensa<\/strong><\/a>.<\/p>\n<p>Embora ainda n\u00e3o seja claro qu\u00e3o severa ser\u00e1 a pr\u00f3xima \u00e9poca gripal na Europa continental, o ECDC alertou que poder\u00e1 ser pior do que em anos anteriores se houver mais infe\u00e7\u00f5es do que o habitual e a ades\u00e3o \u00e0 vacina se mantiver baixa.<\/p>\n<p>\u201cEstamos a ver dete\u00e7\u00f5es de gripe a aumentarem muito mais cedo do que o habitual este ano, e isso significa que o tempo \u00e9 cr\u00edtico\u201d, disse Edoardo Colzani, especialista em v\u00edrus respirat\u00f3rios no ECDC, em comunicado.<\/p>\n<p>\u201cVacinar-se agora \u00e9 uma das formas mais eficazes de se proteger e de proteger quem o rodeia contra doen\u00e7a grave neste inverno\u201d, acrescentou.<\/p>\n<p>O ECDC recomendou a vacina\u00e7\u00e3o \u201csem demora\u201d para adultos mais velhos, gr\u00e1vidas, pessoas com doen\u00e7as cr\u00f3nicas ou sistemas imunit\u00e1rios comprometidos, profissionais de sa\u00fade e quem vive em cuidados de longa dura\u00e7\u00e3o ou outros contextos de vida em grupo.<\/p>\n<p>As vacinas contra a gripe s\u00e3o atualizadas todos os anos para acompanhar o v\u00edrus, que est\u00e1 em constante evolu\u00e7\u00e3o. Uma estirpe H3N2 foi inclu\u00edda na vacina deste ano por ter sido um dos principais v\u00edrus a circular no Hemisf\u00e9rio Norte na \u00e9poca anterior.<\/p>\n<p>Ainda assim, a sub-estirpe K difere o suficiente dessa estirpe para que ainda n\u00e3o seja claro qu\u00e3o eficaz ser\u00e1 a vacina contra ela.<\/p>\n<p>Mesmo assim, autoridades de sa\u00fade dizem que a vacina\u00e7\u00e3o \u00e9 uma forma importante de minimizar doen\u00e7as, proteger grupos vulner\u00e1veis e reduzir a press\u00e3o sobre os hospitais durante o inverno.<\/p>\n<p>\u201cSe \u00e9 eleg\u00edvel para a vacina\u00e7\u00e3o, por favor, n\u00e3o espere\u201d, disse Colzani.<\/p>\n<p>ECDC afirmou tamb\u00e9m que cl\u00ednicas e instala\u00e7\u00f5es de cuidados de longa dura\u00e7\u00e3o devem adotar medidas adicionais de preven\u00e7\u00e3o e controlo de infe\u00e7\u00f5es, por exemplo, pedindo a colaboradores e visitantes que usem m\u00e1scara quando o v\u00edrus circula a n\u00edveis mais elevados.<\/p>\n","protected":false},"excerpt":{"rendered":"Publicado a 20\/11\/2025 &#8211; 15:00 GMT+1 \u2022\u00daltimas not\u00edcias 15:40 As autoridades de sa\u00fade anteveem uma \u00e9poca gripal dura&hellip;\n","protected":false},"author":2,"featured_media":158937,"comment_status":"","ping_status":"","sticky":false,"template":"","format":"standard","meta":{"footnotes":""},"categories":[86],"tags":[1418,116,32,33,117,896],"class_list":{"0":"post-158936","1":"post","2":"type-post","3":"status-publish","4":"format-standard","5":"has-post-thumbnail","7":"category-saude","8":"tag-gripe","9":"tag-health","10":"tag-portugal","11":"tag-pt","12":"tag-saude","13":"tag-saude-publica"},"share_on_mastodon":{"url":"https:\/\/pubeurope.com\/@pt\/115582698033019141","error":""},"_links":{"self":[{"href":"https:\/\/www.europesays.com\/pt\/wp-json\/wp\/v2\/posts\/158936","targetHints":{"allow":["GET"]}}],"collection":[{"href":"https:\/\/www.europesays.com\/pt\/wp-json\/wp\/v2\/posts"}],"about":[{"href":"https:\/\/www.europesays.com\/pt\/wp-json\/wp\/v2\/types\/post"}],"author":[{"embeddable":true,"href":"https:\/\/www.europesays.com\/pt\/wp-json\/wp\/v2\/users\/2"}],"replies":[{"embeddable":true,"href":"https:\/\/www.europesays.com\/pt\/wp-json\/wp\/v2\/comments?post=158936"}],"version-history":[{"count":0,"href":"https:\/\/www.europesays.com\/pt\/wp-json\/wp\/v2\/posts\/158936\/revisions"}],"wp:featuredmedia":[{"embeddable":true,"href":"https:\/\/www.europesays.com\/pt\/wp-json\/wp\/v2\/media\/158937"}],"wp:attachment":[{"href":"https:\/\/www.europesays.com\/pt\/wp-json\/wp\/v2\/media?parent=158936"}],"wp:term":[{"taxonomy":"category","embeddable":true,"href":"https:\/\/www.europesays.com\/pt\/wp-json\/wp\/v2\/categories?post=158936"},{"taxonomy":"post_tag","embeddable":true,"href":"https:\/\/www.europesays.com\/pt\/wp-json\/wp\/v2\/tags?post=158936"}],"curies":[{"name":"wp","href":"https:\/\/api.w.org\/{rel}","templated":true}]}}