{"id":158940,"date":"2025-11-20T15:21:11","date_gmt":"2025-11-20T15:21:11","guid":{"rendered":"https:\/\/www.europesays.com\/pt\/158940\/"},"modified":"2025-11-20T15:21:11","modified_gmt":"2025-11-20T15:21:11","slug":"plataforma-que-acaba-com-a-papelada-e-facilita-a-gestao-de-servicos-no-terreno","status":"publish","type":"post","link":"https:\/\/www.europesays.com\/pt\/158940\/","title":{"rendered":"plataforma que acaba com a papelada e facilita a gest\u00e3o de servi\u00e7os no terreno"},"content":{"rendered":"<p>Quem gere uma equipa t\u00e9cnica no terreno sabe bem como \u00e9: telem\u00f3veis a tocar sem parar, ordens de trabalho em papel que se perdem e um gestor a tentar fazer magia com uma folha de Excel. Mas existe uma solu\u00e7\u00e3o que p\u00f5e ordem neste caos: chama-se FullyOps. Conhe\u00e7a esta plataforma que gere todo o ciclo de vida dos seus servi\u00e7os.<\/p>\n<p style=\"text-align: center;\"><a target=\"_blank\" href=\"https:\/\/pplware.sapo.pt\/wp-content\/uploads\/2025\/11\/fullyops.webp\" rel=\"nofollow noopener\"><img fetchpriority=\"high\" decoding=\"async\" src=\"https:\/\/www.europesays.com\/pt\/wp-content\/uploads\/2025\/11\/fullyops-1024x576.webp.webp\" alt=\"\" width=\"720\" height=\"405\" class=\"alignnone size-large wp-image-1089444\"  \/><\/a><\/p>\n<p>Uma hist\u00f3ria que vem do terreno<\/p>\n<p>A FullyOps n\u00e3o surgiu apenas de uma ideia tecnol\u00f3gica, mas de uma necessidade pr\u00e1tica. A sua equipa passou mais de uma d\u00e9cada ligada ao setor dos servi\u00e7os e fabrico, criando solu\u00e7\u00f5es reais para opera\u00e7\u00f5es exigentes &#8211; <strong>desde vestu\u00e1rio t\u00e9cnico at\u00e9 sistemas de gest\u00e3o<\/strong>.<\/p>\n<p>Esse contacto direto com o dia-a-dia das equipas deu-lhes algo raro no mundo do software: <strong>uma compreens\u00e3o verdadeira das dificuldades de quem trabalha no terreno<\/strong>. Em 2022, essa experi\u00eancia juntou-se ao know-how da BytePitch, uma empresa de engenharia de software reconhecida pela sua capacidade de criar solu\u00e7\u00f5es robustas e escal\u00e1veis para o mercado global.<\/p>\n<p>Dessa fus\u00e3o nasceu a FullyOps, com uma miss\u00e3o clara: tornar o trabalho das equipas t\u00e9cnicas <strong>mais simples, mais ligado e mais humano<\/strong>.<\/p>\n<p style=\"text-align: center;\"><a target=\"_blank\" href=\"https:\/\/pplware.sapo.pt\/wp-content\/uploads\/2025\/11\/fullyops_21.webp\" rel=\"nofollow noopener\"><img loading=\"lazy\" decoding=\"async\" src=\"https:\/\/www.europesays.com\/pt\/wp-content\/uploads\/2025\/11\/fullyops_21-1024x576.webp.webp\" alt=\"\" width=\"720\" height=\"405\" class=\"alignnone size-large wp-image-1088091\"  \/><\/a><\/p>\n<p>O que \u00e9 a FullyOps, afinal?<\/p>\n<p>Vamos diretos ao assunto. A FullyOps \u00e9 uma <a target=\"_blank\" href=\"https:\/\/fullyops.com\/pt\/\" rel=\"nofollow noopener\">plataforma<\/a> SaaS que centraliza todas as opera\u00e7\u00f5es relacionadas com os seus servi\u00e7os \u00e0 dist\u00e2ncia de um clique, seja no telem\u00f3vel, tablet ou computador.<\/p>\n<p>\u00c9 ideal para qualquer empresa que tenha servi\u00e7os, seja no cliente ou at\u00e9 de forma interna. Pense em empresas de AVAC (climatiza\u00e7\u00e3o), eletricistas, servi\u00e7os de pichelaria e hidr\u00e1ulica, <strong>ou mesmo fornecedores de servi\u00e7os globais<\/strong>.<\/p>\n<p>Imagine um gestor com superpoderes: decis\u00f5es mais r\u00e1pidas, controlo total e informa\u00e7\u00e3o em tempo real. Para os t\u00e9cnicos significa mais autonomia no trabalho, menos chamadas, menos papel <strong>e mais tempo em tarefas que realmente importam<\/strong>.<\/p>\n<p>As funcionalidades que fazem a diferen\u00e7a<\/p>\n<p>A melhor forma de entender uma plataforma \u00e9 ver o que ela faz. A FullyOps divide-se em \u00e1reas-chave que atacam os desafios mais comuns da gest\u00e3o de servi\u00e7os. Para terem uma ideia do aspeto da aplica\u00e7\u00e3o <strong>deixamos alguns prints junto das funcionalidades<\/strong>.<\/p>\n<p><strong>1\ufe0f\u20e3 Gest\u00e3o de ordens de trabalho (adeus, folhas de obra)<\/strong><\/p>\n<p>Comecemos pelo pesadelo de qualquer gestor: o controlo das &#8220;ordens de trabalho&#8221;. Quem est\u00e1 a fazer o qu\u00ea? J\u00e1 foi feito? Quanto tempo demorou? Na FullyOps, o processo \u00e9 digital. O gestor n\u00e3o precisa de ligar; ele cria a ordem de trabalho e pode, desde logo, atribuir v\u00e1rios t\u00e9cnicos a um servi\u00e7o mais complexo, <strong>equilibrando a carga de trabalho<\/strong>.<\/p>\n<p>Se essa visita ao cliente implicar v\u00e1rias tarefas do mesmo tipo, n\u00e3o \u00e9 preciso criar tr\u00eas ordens de trabalho separadas. A plataforma permite criar m\u00faltiplas a\u00e7\u00f5es e v\u00e1rios pedidos dentro da mesma ordem, <strong>mantendo tudo organizado<\/strong>.<\/p>\n<p>Para o t\u00e9cnico no terreno, isto significa menos burocracia. Ele pode focar-se no trabalho e a plataforma trata do registo das horas de trabalho <strong>e tamb\u00e9m das desloca\u00e7\u00f5es<\/strong>. No final, a plataforma compila esta informa\u00e7\u00e3o e gera relat\u00f3rios autom\u00e1ticos, o que acaba com as adivinhas de &#8220;quanto tempo demorou?&#8221;.<\/p>\n<p>Os prints abaixo mostram o aspeto da vista de geral das ordens de trabalho, a vista de calend\u00e1rio (onde tem uma vis\u00e3o mais abrangente das tarefas feitas e a fazer) e um exemplo do formul\u00e1rio para criar uma ordem. Tudo bastante simples e intuitivo, <strong>como prometem os criadores<\/strong>.<\/p>\n<p>Ao clicar numa ordem de trabalho, pode ver todas as suas informa\u00e7\u00f5es, desde estado, datas, empresa, notas e equipamentos. Na aba de trabalho pode adicionar viagens efetuadas e horas de trabalho.<\/p>\n<p>Na aba a\u00e7\u00f5es pode adicionar tarefas efetuadas, pe\u00e7as utilizadas, <strong>e adicionar fotografias ou v\u00eddeos<\/strong>. E, finalmente, na aba de relat\u00f3rios pode gerar os relat\u00f3rios de forma autom\u00e1tica, obter assinatura do cliente e enviar por e-mail.<\/p>\n<p><strong>2\ufe0f\u20e3 Gest\u00e3o de recursos (quem tem o qu\u00ea?)<\/strong><\/p>\n<p>A seguir, temos o cl\u00e1ssico &#8220;o t\u00e9cnico chegou ao cliente e faltava-lhe a pe\u00e7a X.&#8221; A gest\u00e3o de recursos na FullyOps ataca este problema comum.<\/p>\n<ul>\n<li>Primeiro, atrav\u00e9s de um planeamento de atividades claro, que \u00e9 suportado por uma vista de calend\u00e1rio intuitiva, que falamos anteriormente. O gestor pode agendar tarefas, ver quem est\u00e1 livre e evitar conflitos.<\/li>\n<li>Segundo, se for necess\u00e1ria uma pe\u00e7a espec\u00edfica (ex: um motor novo) ap\u00f3s diagn\u00f3stico, o t\u00e9cnico faz a requisi\u00e7\u00e3o diretamente na plataforma. Isto cria uma conex\u00e3o formal com o backoffice para tratar do pedido, sem que o t\u00e9cnico perca tempo com telefonemas.<\/li>\n<\/ul>\n<p><strong>3\ufe0f\u20e3 Gest\u00e3o do ciclo de vida dos ativos<\/strong><\/p>\n<p>Isto \u00e9 vital. Um &#8220;ativo&#8221; \u00e9 o equipamento do cliente (ou o da empresa) que precisa de ser gerido e acompanhado ao longo do tempo, <strong>seja um ar condicionado ou uma m\u00e1quina industrial<\/strong>.<\/p>\n<p>A plataforma permite gerir ambos os cen\u00e1rios: \u00e9 poss\u00edvel lan\u00e7ar a\u00e7\u00f5es corretivas para repara\u00e7\u00f5es de urg\u00eancia que surgem de repente, mas tamb\u00e9m, e de forma mais inteligente, agendar a\u00e7\u00f5es preventivas para fazer a manuten\u00e7\u00e3o programada <strong>e evitar que os equipamentos avariem<\/strong>.<\/p>\n<p>A grande vantagem \u00e9 que tudo fica ligado ao ativo. O t\u00e9cnico no local pode anexar fotografias ou v\u00eddeos do problema, ou consultar documentos (como manuais) ali mesmo, na plataforma. <strong>Tudo isto vai criando um hist\u00f3rico completo<\/strong>.<\/p>\n<p>Daqui a um ano, sabe exatamente o que foi feito naquela m\u00e1quina, quem fez e quando. A plataforma vai mais longe, permitindo at\u00e9 o rastreio de consum\u00edveis e pe\u00e7as usados nessa ordem de trabalho, e ajudando a garantir <strong>que todos os procedimentos de conformidade e seguran\u00e7a s\u00e3o seguidos<\/strong>.<\/p>\n<p><strong>4\ufe0f\u20e3 An\u00e1lise de opera\u00e7\u00f5es<\/strong><\/p>\n<p>No final do dia, o que n\u00e3o se mede, n\u00e3o se pode melhorar. A FullyOps n\u00e3o se limita a registar dados; ela transforma-os em informa\u00e7\u00e3o \u00fatil. Atrav\u00e9s de pain\u00e9is de controlo (dashboards) em tempo real, o gestor v\u00ea o estado da opera\u00e7\u00e3o. Esta an\u00e1lise permite extrair informa\u00e7\u00f5es sobre:<\/p>\n<ul>\n<li>As ordens de trabalho &#8211; quantas est\u00e3o abertas? quantas foram fechadas? quantas est\u00e3o em andamento?<\/li>\n<li>M\u00e9tricas de desempenho t\u00e9cnico &#8211; qual o tempo m\u00e9dio de resposta? quem \u00e9 o t\u00e9cnico que mais servi\u00e7os conclui?<\/li>\n<li>Acompanhamento do desempenho dos ativos &#8211; qual \u00e9 o equipamento do cliente que avaria mais vezes?<\/li>\n<\/ul>\n<p>Juntando isto a relat\u00f3rios de utiliza\u00e7\u00e3o de recursos, a empresa passa a ter uma vis\u00e3o clara de onde est\u00e1 a perder tempo e dinheiro, <strong>e pode tomar decis\u00f5es baseadas em dados<\/strong>.<\/p>\n<p><strong>5\ufe0f\u20e3 Monitoriza\u00e7\u00e3o da for\u00e7a de trabalho<\/strong><\/p>\n<p>Um gestor precisa de saber onde est\u00e1 a sua equipa, n\u00e3o para controlar, mas para conseguir responder a imprevistos. A plataforma permite, antes de mais, uma organiza\u00e7\u00e3o clara das equipas, definindo quem faz o qu\u00ea. Com a programa\u00e7\u00e3o da for\u00e7a de trabalho, <strong>o gestor planeia a semana num sistema intuitivo<\/strong>.<\/p>\n<p>O pilar disto tudo <strong>\u00e9 o acesso m\u00f3vel para t\u00e9cnicos<\/strong>. \u00c9 aqui que a independ\u00eancia acontece: o t\u00e9cnico tem no telem\u00f3vel a ordem de trabalho, o hist\u00f3rico do cliente e os manuais. Claro que a plataforma tamb\u00e9m inclui ferramentas de gest\u00e3o essenciais, como controlo de acesso e permiss\u00f5es (para garantir que cada um v\u00ea apenas o que precisa) e m\u00f3dulos de an\u00e1lise de desempenho das equipas.<\/p>\n<p>Integra\u00e7\u00f5es<\/p>\n<p>Al\u00e9m de todas as funcionalidades dispon\u00edveis, a FullyOps inclui ainda uma variedade de integra\u00e7\u00f5es para facilitar o seu uso no dia-a-dia <strong>e se adaptar \u00e0s suas necessidades<\/strong>.<\/p>\n<p style=\"text-align: center;\"><a target=\"_blank\" href=\"https:\/\/pplware.sapo.pt\/wp-content\/uploads\/2025\/11\/fullyops_integracoes.webp\" rel=\"nofollow noopener\"><br \/>\n<img loading=\"lazy\" decoding=\"async\" src=\"https:\/\/www.europesays.com\/pt\/wp-content\/uploads\/2025\/11\/fullyops_integracoes-1024x576.webp.webp\" alt=\"\" width=\"720\" height=\"405\" style=\"border: 5px solid black;\" class=\"alignnone size-large wp-image-1088088\"  \/><br \/>\n<\/a><\/p>\n<p>A FullyOps, criada por quem conhece o dia a dia de t\u00e9cnicos e gestores, <strong>foca-se na simplicidade e em resolver problemas pr\u00e1ticos<\/strong>.<\/p>\n<p>Para o gestor, \u00e9 ter uma torre de controlo. Para o t\u00e9cnico, \u00e9 ter um co-piloto que lhe d\u00e1 todo o contexto e lhe segura na papelada.<\/p>\n<p><strong>Veja como funciona na pr\u00e1tica:<\/strong><\/p>\n<p><a target=\"_blank\" class=\"wpcmsdev-button color-blue\" href=\"https:\/\/fullyops.com\/pt\/agendar-demonstracao\/\" rel=\"nofollow noopener\">Agende uma demonstra\u00e7\u00e3o<\/a><\/p>\n","protected":false},"excerpt":{"rendered":"Quem gere uma equipa t\u00e9cnica no terreno sabe bem como \u00e9: telem\u00f3veis a tocar sem parar, ordens de&hellip;\n","protected":false},"author":2,"featured_media":158941,"comment_status":"","ping_status":"","sticky":false,"template":"","format":"standard","meta":{"footnotes":""},"categories":[83],"tags":[88,89,90,33913,32,33],"class_list":{"0":"post-158940","1":"post","2":"type-post","3":"status-publish","4":"format-standard","5":"has-post-thumbnail","7":"category-empresas","8":"tag-business","9":"tag-economy","10":"tag-empresas","11":"tag-fullyops","12":"tag-portugal","13":"tag-pt"},"share_on_mastodon":{"url":"https:\/\/pubeurope.com\/@pt\/115582709763577951","error":""},"_links":{"self":[{"href":"https:\/\/www.europesays.com\/pt\/wp-json\/wp\/v2\/posts\/158940","targetHints":{"allow":["GET"]}}],"collection":[{"href":"https:\/\/www.europesays.com\/pt\/wp-json\/wp\/v2\/posts"}],"about":[{"href":"https:\/\/www.europesays.com\/pt\/wp-json\/wp\/v2\/types\/post"}],"author":[{"embeddable":true,"href":"https:\/\/www.europesays.com\/pt\/wp-json\/wp\/v2\/users\/2"}],"replies":[{"embeddable":true,"href":"https:\/\/www.europesays.com\/pt\/wp-json\/wp\/v2\/comments?post=158940"}],"version-history":[{"count":0,"href":"https:\/\/www.europesays.com\/pt\/wp-json\/wp\/v2\/posts\/158940\/revisions"}],"wp:featuredmedia":[{"embeddable":true,"href":"https:\/\/www.europesays.com\/pt\/wp-json\/wp\/v2\/media\/158941"}],"wp:attachment":[{"href":"https:\/\/www.europesays.com\/pt\/wp-json\/wp\/v2\/media?parent=158940"}],"wp:term":[{"taxonomy":"category","embeddable":true,"href":"https:\/\/www.europesays.com\/pt\/wp-json\/wp\/v2\/categories?post=158940"},{"taxonomy":"post_tag","embeddable":true,"href":"https:\/\/www.europesays.com\/pt\/wp-json\/wp\/v2\/tags?post=158940"}],"curies":[{"name":"wp","href":"https:\/\/api.w.org\/{rel}","templated":true}]}}