{"id":158942,"date":"2025-11-20T15:22:14","date_gmt":"2025-11-20T15:22:14","guid":{"rendered":"https:\/\/www.europesays.com\/pt\/158942\/"},"modified":"2025-11-20T15:22:14","modified_gmt":"2025-11-20T15:22:14","slug":"certificados-de-aforro-sobem-ha-13-meses-e-atingem-394-mil-milhoes-em-outubro","status":"publish","type":"post","link":"https:\/\/www.europesays.com\/pt\/158942\/","title":{"rendered":"Certificados de Aforro sobem h\u00e1 13 meses e atingem 39,4 mil milh\u00f5es em outubro"},"content":{"rendered":"<p>Os Certificados de Aforro continuam numa ascens\u00e3o cada vez menos acentuada. Outubro foi o 13.\u00ba m\u00eas seguido de subidas, com o valor total a atingir 39,4 mil milh\u00f5es de euros, o que fica 348 milh\u00f5es acima de setembro. Este \u00e9, portanto, um novo m\u00e1ximo atingido pelo valor investido pelos portugueses em d\u00edvida do Estado.<\/p>\n<p>O incremento face ao m\u00eas anterior \u00e9 mais modesto, tal como tem sido a tend\u00eancia, como se pode verificar nos dados divulgados nesta quinta-feira pelo Banco de Portugal. Entre agosto e setembro, o aumento dos Certificados de Aforro foi de 491 milh\u00f5es.<\/p>\n<p>Quando comparado com o m\u00eas hom\u00f3logo, \u00e9 poss\u00edvel observar que o valor registado em outubro est\u00e1 5,3 mil milh\u00f5es acima.<\/p>\n<p>Recorde-se que a <a href=\"https:\/\/jornalpt50.pt\/noticia\/sobem-os-juros-dos-certificados-de-aforro\/\" target=\"_blank\" rel=\"noreferrer noopener nofollow\">taxa de juro<\/a> bruta dos Certificados de Aforro, em outubro, foi 2,009%. Contudo, em novembro, o IGCP j\u00e1 anunciou uma ligeira subida para 2,044%.<\/p>\n<p>Olhando para a evolu\u00e7\u00e3o dos Certificados de Aforro, \u00e9 poss\u00edvel observar que o valor de outubro \u00e9 quase o triplo daquele que se registava em julho de 2022.<\/p>\n","protected":false},"excerpt":{"rendered":"Os Certificados de Aforro continuam numa ascens\u00e3o cada vez menos acentuada. Outubro foi o 13.\u00ba m\u00eas seguido de&hellip;\n","protected":false},"author":2,"featured_media":158943,"comment_status":"","ping_status":"","sticky":false,"template":"","format":"standard","meta":{"footnotes":""},"categories":[50],"tags":[27,28,15,16,14,25,26,21,22,62,12,13,19,20,23,24,17,18,29,30,31,63,64,65],"class_list":{"0":"post-158942","1":"post","2":"type-post","3":"status-publish","4":"format-standard","5":"has-post-thumbnail","7":"category-mundo","8":"tag-breaking-news","9":"tag-breakingnews","10":"tag-featured-news","11":"tag-featurednews","12":"tag-headlines","13":"tag-latest-news","14":"tag-latestnews","15":"tag-main-news","16":"tag-mainnews","17":"tag-mundo","18":"tag-news","19":"tag-noticias","20":"tag-noticias-principais","21":"tag-noticiasprincipais","22":"tag-principais-noticias","23":"tag-principaisnoticias","24":"tag-top-stories","25":"tag-topstories","26":"tag-ultimas","27":"tag-ultimas-noticias","28":"tag-ultimasnoticias","29":"tag-world","30":"tag-world-news","31":"tag-worldnews"},"share_on_mastodon":{"url":"https:\/\/pubeurope.com\/@pt\/115582713430658656","error":""},"_links":{"self":[{"href":"https:\/\/www.europesays.com\/pt\/wp-json\/wp\/v2\/posts\/158942","targetHints":{"allow":["GET"]}}],"collection":[{"href":"https:\/\/www.europesays.com\/pt\/wp-json\/wp\/v2\/posts"}],"about":[{"href":"https:\/\/www.europesays.com\/pt\/wp-json\/wp\/v2\/types\/post"}],"author":[{"embeddable":true,"href":"https:\/\/www.europesays.com\/pt\/wp-json\/wp\/v2\/users\/2"}],"replies":[{"embeddable":true,"href":"https:\/\/www.europesays.com\/pt\/wp-json\/wp\/v2\/comments?post=158942"}],"version-history":[{"count":0,"href":"https:\/\/www.europesays.com\/pt\/wp-json\/wp\/v2\/posts\/158942\/revisions"}],"wp:featuredmedia":[{"embeddable":true,"href":"https:\/\/www.europesays.com\/pt\/wp-json\/wp\/v2\/media\/158943"}],"wp:attachment":[{"href":"https:\/\/www.europesays.com\/pt\/wp-json\/wp\/v2\/media?parent=158942"}],"wp:term":[{"taxonomy":"category","embeddable":true,"href":"https:\/\/www.europesays.com\/pt\/wp-json\/wp\/v2\/categories?post=158942"},{"taxonomy":"post_tag","embeddable":true,"href":"https:\/\/www.europesays.com\/pt\/wp-json\/wp\/v2\/tags?post=158942"}],"curies":[{"name":"wp","href":"https:\/\/api.w.org\/{rel}","templated":true}]}}