{"id":158944,"date":"2025-11-20T15:25:09","date_gmt":"2025-11-20T15:25:09","guid":{"rendered":"https:\/\/www.europesays.com\/pt\/158944\/"},"modified":"2025-11-20T15:25:09","modified_gmt":"2025-11-20T15:25:09","slug":"leonardo-posa-com-a-viuva-e-filha-do-irmao-leandro-no-segundo-dia-do-navio-cabare-celebridades","status":"publish","type":"post","link":"https:\/\/www.europesays.com\/pt\/158944\/","title":{"rendered":"Leonardo posa com a vi\u00fava e filha do irm\u00e3o Leandro no segundo dia do &#8216;Navio Cabar\u00e9&#8217; | Celebridades"},"content":{"rendered":"<p>                                        Leonardo posa com a vi\u00fava e filha do irm\u00e3o Leandro no segundo dia do \u2019Navio Cabar\u00e9\u2019 &#8211; Lucas Ramos \/ Brazil News<\/p>\n<p class=\"content-media__description\">Leonardo posa com a vi\u00fava e filha do irm\u00e3o Leandro no segundo dia do \u2019Navio Cabar\u00e9\u2019Lucas Ramos \/ Brazil News<\/p>\n<p>                            Publicado 20\/11\/2025 09:59\n                    <\/p>\n<p>Rio &#8211;\u00a0Leonardo, de 62 anos, recebeu convidados, incluindo familiares,\u00a0no segundo dia do &#8220;Navio Cabar\u00e9 2025&#8221;, nesta quarta-feira (19). Al\u00e9m dos demais entes queridos, o cantor posou ao lado\u00a0de Andr\u00e9a Mota e Lyandra Costa, vi\u00fava e filha do seu irm\u00e3o e ex-dupla, Leandro.<\/p>\n<p>O trio foi fotografado juntinho e sorridente nos bastidores, antes do cantor subir ao palco. Durante o show, Leonardo prestou homenagem, ao cantar a m\u00fasica &#8220;N\u00e3o Aprendi a Dizer Adeus&#8221;, enquanto a foto do irm\u00e3o era exibida no tel\u00e3o. &#8220;Momento mais emocionante&#8221;, disse Lyandra nos stories do Instagram, ao compartilhar um v\u00eddeo.<\/p>\n<p>O sertanejo morreu\u00a0em 1998, v\u00edtima de um\u00a0tumor raro\u00a0no t\u00f3rax, que se desenvolveu no pulm\u00e3o. Leandro e Andr\u00e9a tamb\u00e9m tiveram Leandrinho, que nasceu no mesmo ano do falecimento do pai. Ele\u00a0teve mais dois filhos de rela\u00e7\u00f5es anteriores,\u00a0Thiago e Leandro, que tamb\u00e9m recebeu o nome do artista.<\/p>\n<p>Em 2002, a integrante do reality &#8220;Poderosas do Cerrado&#8221;, do GNT, casou com o empres\u00e1rio Fernando Alves. O casal \u00e9 pai de\u00a0Fernando, Felipe e Gabriel.<\/p>\n","protected":false},"excerpt":{"rendered":"Leonardo posa com a vi\u00fava e filha do irm\u00e3o Leandro no segundo dia do \u2019Navio Cabar\u00e9\u2019 &#8211; Lucas&hellip;\n","protected":false},"author":2,"featured_media":158945,"comment_status":"","ping_status":"","sticky":false,"template":"","format":"standard","meta":{"footnotes":""},"categories":[145],"tags":[33915,211,210,6034,114,115,12397,33914,2159,33735,33916,32,33],"class_list":{"0":"post-158944","1":"post","2":"type-post","3":"status-publish","4":"format-standard","5":"has-post-thumbnail","7":"category-celebridades","8":"tag-andrea-mota","9":"tag-celebridades","10":"tag-celebrities","11":"tag-cruzeiro","12":"tag-entertainment","13":"tag-entretenimento","14":"tag-leandro","15":"tag-leandro-leonardo","16":"tag-leonardo","17":"tag-lyandra-costa","18":"tag-navio-cabare-2025","19":"tag-portugal","20":"tag-pt"},"share_on_mastodon":{"url":"https:\/\/pubeurope.com\/@pt\/115582725197999142","error":""},"_links":{"self":[{"href":"https:\/\/www.europesays.com\/pt\/wp-json\/wp\/v2\/posts\/158944","targetHints":{"allow":["GET"]}}],"collection":[{"href":"https:\/\/www.europesays.com\/pt\/wp-json\/wp\/v2\/posts"}],"about":[{"href":"https:\/\/www.europesays.com\/pt\/wp-json\/wp\/v2\/types\/post"}],"author":[{"embeddable":true,"href":"https:\/\/www.europesays.com\/pt\/wp-json\/wp\/v2\/users\/2"}],"replies":[{"embeddable":true,"href":"https:\/\/www.europesays.com\/pt\/wp-json\/wp\/v2\/comments?post=158944"}],"version-history":[{"count":0,"href":"https:\/\/www.europesays.com\/pt\/wp-json\/wp\/v2\/posts\/158944\/revisions"}],"wp:featuredmedia":[{"embeddable":true,"href":"https:\/\/www.europesays.com\/pt\/wp-json\/wp\/v2\/media\/158945"}],"wp:attachment":[{"href":"https:\/\/www.europesays.com\/pt\/wp-json\/wp\/v2\/media?parent=158944"}],"wp:term":[{"taxonomy":"category","embeddable":true,"href":"https:\/\/www.europesays.com\/pt\/wp-json\/wp\/v2\/categories?post=158944"},{"taxonomy":"post_tag","embeddable":true,"href":"https:\/\/www.europesays.com\/pt\/wp-json\/wp\/v2\/tags?post=158944"}],"curies":[{"name":"wp","href":"https:\/\/api.w.org\/{rel}","templated":true}]}}