{"id":158948,"date":"2025-11-20T15:30:21","date_gmt":"2025-11-20T15:30:21","guid":{"rendered":"https:\/\/www.europesays.com\/pt\/158948\/"},"modified":"2025-11-20T15:30:21","modified_gmt":"2025-11-20T15:30:21","slug":"daniel-radcliffe-revela-a-carta-que-enviou-ao-novo-harry-potter","status":"publish","type":"post","link":"https:\/\/www.europesays.com\/pt\/158948\/","title":{"rendered":"Daniel Radcliffe revela a carta que enviou ao novo Harry Potter"},"content":{"rendered":"<p>Daniel Radcliffe, conhecido por ter dado vida a Harry Potter, revelou as palavras de encorajamento que enviou a Dominic McLaughlin, o jovem protagonista da <a href=\"https:\/\/pt.ign.com\/harry-potter-the-series\" rel=\"nofollow noopener\" target=\"_blank\">nova s\u00e9rie da HBO inspirada no universo de Harry Potter<\/a>.<\/p>\n<p>Radcliffe, agora com 36 anos, tinha a mesma idade de McLaughlin (11) quando come\u00e7ou a filmar o primeiro filme da saga, h\u00e1 25 anos. E segundo o pr\u00f3prio, n\u00e3o quis deixar de passar a tocha com uma mensagem pessoal.<\/p>\n<p>\u201cConhe\u00e7o algumas pessoas que est\u00e3o a trabalhar na produ\u00e7\u00e3o da s\u00e9rie,\u201d contou o ator numa entrevista ao <a href=\"https:\/\/www.youtube.com\/watch?v=8y2LwIqo03s\" rel=\"noopener nofollow\" target=\"_blank\">Good Morning America<\/a>. \u201cPor isso, escrevi ao Dominic, enviei-lhe uma carta e ele respondeu-me com uma mensagem muito simp\u00e1tica.\u201d<\/p>\n<p>Relacionado<a href=\"https:\/\/pt.ign.com\/harry-potter-the-series\/151169\/news\/primeiras-imagens-de-john-lithgow-como-dumbledore-revelam-cena-misteriosa\" class=\"recirc_odd\" rel=\"nofollow noopener\" target=\"_blank\"><img decoding=\"async\" class=\"image\" src=\"https:\/\/www.europesays.com\/pt\/wp-content\/uploads\/2025\/11\/yes-the-harry-potter-hbo-tv-series-will-include-scenes-not-f_pf2g.640.jpg\" alt=\"Primeiras imagens de John Lithgow como Dumbledore revelam cena misteriosa\"\/>Primeiras imagens de John Lithgow como Dumbledore revelam cena misteriosa<\/a><\/p>\n<p>\u201cN\u00e3o quero, de forma alguma, ser uma esp\u00e9cie de fantasma na vida destas crian\u00e7as,\u201d admitiu Radcliffe. \u201cMas quis dizer-lhe: \u2018Espero que te divirtas ao m\u00e1ximo, ainda mais do que eu me diverti. Eu adorei fazer parte disto, mas espero que a tua experi\u00eancia seja ainda melhor.\u2019\u201d<\/p>\n<p>\u201cE \u00e9 mesmo isso,\u201d continuou. \u201cQuando vejo aquelas fotografias dele e do resto do elenco, s\u00f3 me apetece abra\u00e7\u00e1-los. Parecem t\u00e3o novos. \u00c9 louco pensar que eu tinha aquela idade quando tudo come\u00e7ou. Mas \u00e9 tamb\u00e9m incrivelmente bonito e espero mesmo que estejam a viver um sonho.\u201d<\/p>\n<p>Durante a mesma entrevista, Radcliffe aproveitou para elogiar o antigo colega de elenco Tom Felton, que recentemente regressou ao papel de Draco Malfoy na produ\u00e7\u00e3o da Broadway de Harry Potter and the Cursed Child. \u201cEstou muito feliz por ele,\u201d disse Radcliffe. \u201c\u00c9 \u00f3timo v\u00ea-lo em palco e ainda mais por estar de volta a este universo.\u201d<\/p>\n<p><img decoding=\"async\" alt=\"Daniel Radcliffe sorri durante uma entrevista\" class=\"article-image-full-size\" data-position=\"0\" src=\"https:\/\/www.europesays.com\/pt\/wp-content\/uploads\/2025\/11\/daniel-radcliffe-reveals-the-letter-he-sent-to-new-harry-pot_6x6p.jpg\"  viewbox=\"0 0 16 9\"\/><br \/>\nDaniel Radcliffe. Cr\u00e9dito da imagem: John Lamparski\/Getty Images.<\/p>\n<p>Este ano, a atriz Sophie Turner, que come\u00e7ou a interpretar Sansa Stark em Game of Thrones aos 13 anos, tamb\u00e9m deixou alguns conselhos aos jovens protagonistas da nova s\u00e9rie: Dominic McLaughlin (Harry Potter), Alastair Stout (Ron Weasley) e Arabella Stanton (Hermione Granger). Turner partilhou a sua pr\u00f3pria experi\u00eancia, admitindo que <a href=\"https:\/\/pt.ign.com\/harry-potter-the-series\/149921\/news\/sophie-turner-de-game-of-thrones-deixa-aviso-ao-jovem-elenco-de-harry-potter\" rel=\"nofollow noopener\" target=\"_blank\">\u201ccrescer sob os holofotes quase a destruiu\u201d<\/a>.<\/p>\n<p>O elenco confirmado da produ\u00e7\u00e3o inclui ainda <a href=\"https:\/\/www.ign.com\/articles\/john-lithgow-reveals-hell-play-dumbledore-in-hbos-harry-potter-tv-series\" rel=\"noopener nofollow\" target=\"_blank\">John Lithgow como Albus Dumbledore<\/a>, <a href=\"https:\/\/www.ign.com\/articles\/harry-potter-tv-series-confirms-first-six-cast-members-including-hagrid-and-snape\" rel=\"noopener nofollow\" target=\"_blank\">Paapa Essidu como Severus Snape<\/a> e <a href=\"https:\/\/pt.ign.com\/harry-potter-the-series\/147707\/news\/serie-de-harry-potter-da-hbo-ja-encontrou-os-atores-para-interpretar-draco-e-lucius-malfoy\" rel=\"nofollow noopener\" target=\"_blank\">Katherine Parkinson como Molly Weasley<\/a>. J\u00e1 a atriz de Sherlock <a href=\"https:\/\/pt.ign.com\/harry-potter-the-series\/152275\/news\/novas-imagens-da-serie-de-harry-potter-revelam-vestes-coloridas-e-uma-madam-hooch-de-fato-de-treino\" rel=\"nofollow noopener\" target=\"_blank\">Louise Brealey foi vista a interpretar a professora de Quidditch Madam Rolanda Hooch<\/a> e Anton Lesser (Game of Thrones) dar\u00e1 vida ao famoso fabricante de varinhas, Garrick Ollivander. Entre as novas caras, h\u00e1 tamb\u00e9m um regresso conhecido: <a href=\"https:\/\/pt.ign.com\/harry-potter-the-series\/150038\/news\/warwick-davis-vai-voltar-a-encarnar-na-filius-flitwick-na-serie-de-harry-potter\" rel=\"nofollow noopener\" target=\"_blank\">Warwick Davis voltar\u00e1 a interpretar o Professor Flitwick<\/a>.<\/p>\n<p>As filmagens j\u00e1 decorrem a bom ritmo, com f\u00e3s a capturar <a href=\"https:\/\/pt.ign.com\/harry-potter-the-series\/151169\/news\/primeiras-imagens-de-john-lithgow-como-dumbledore-revelam-cena-misteriosa\" rel=\"nofollow noopener\" target=\"_blank\">imagens in\u00e9ditas de cenas que n\u00e3o aparecem nos livros nem nos filmes<\/a>. A s\u00e9rie Harry Potter dever\u00e1 estrear na HBO <a href=\"https:\/\/pt.ign.com\/harry-potter-the-series\/142474\/news\/jk-rowling-esta-razoavelmente-envolvida-na-nova-serie-de-harry-potter\" rel=\"nofollow noopener\" target=\"_blank\">no in\u00edcio de 2027<\/a>, com uma primeira temporada de oito epis\u00f3dios.<\/p>\n","protected":false},"excerpt":{"rendered":"Daniel Radcliffe, conhecido por ter dado vida a Harry Potter, revelou as palavras de encorajamento que enviou a&hellip;\n","protected":false},"author":2,"featured_media":158949,"comment_status":"","ping_status":"","sticky":false,"template":"","format":"standard","meta":{"footnotes":""},"categories":[140],"tags":[114,115,147,148,146,32,33],"class_list":{"0":"post-158948","1":"post","2":"type-post","3":"status-publish","4":"format-standard","5":"has-post-thumbnail","7":"category-filmes","8":"tag-entertainment","9":"tag-entretenimento","10":"tag-film","11":"tag-filmes","12":"tag-movies","13":"tag-portugal","14":"tag-pt"},"share_on_mastodon":{"url":"https:\/\/pubeurope.com\/@pt\/115582745068488823","error":""},"_links":{"self":[{"href":"https:\/\/www.europesays.com\/pt\/wp-json\/wp\/v2\/posts\/158948","targetHints":{"allow":["GET"]}}],"collection":[{"href":"https:\/\/www.europesays.com\/pt\/wp-json\/wp\/v2\/posts"}],"about":[{"href":"https:\/\/www.europesays.com\/pt\/wp-json\/wp\/v2\/types\/post"}],"author":[{"embeddable":true,"href":"https:\/\/www.europesays.com\/pt\/wp-json\/wp\/v2\/users\/2"}],"replies":[{"embeddable":true,"href":"https:\/\/www.europesays.com\/pt\/wp-json\/wp\/v2\/comments?post=158948"}],"version-history":[{"count":0,"href":"https:\/\/www.europesays.com\/pt\/wp-json\/wp\/v2\/posts\/158948\/revisions"}],"wp:featuredmedia":[{"embeddable":true,"href":"https:\/\/www.europesays.com\/pt\/wp-json\/wp\/v2\/media\/158949"}],"wp:attachment":[{"href":"https:\/\/www.europesays.com\/pt\/wp-json\/wp\/v2\/media?parent=158948"}],"wp:term":[{"taxonomy":"category","embeddable":true,"href":"https:\/\/www.europesays.com\/pt\/wp-json\/wp\/v2\/categories?post=158948"},{"taxonomy":"post_tag","embeddable":true,"href":"https:\/\/www.europesays.com\/pt\/wp-json\/wp\/v2\/tags?post=158948"}],"curies":[{"name":"wp","href":"https:\/\/api.w.org\/{rel}","templated":true}]}}