{"id":158956,"date":"2025-11-20T15:36:49","date_gmt":"2025-11-20T15:36:49","guid":{"rendered":"https:\/\/www.europesays.com\/pt\/158956\/"},"modified":"2025-11-20T15:36:49","modified_gmt":"2025-11-20T15:36:49","slug":"dos-0-aos-100-km-h-em-25-segundos-e-ate-1156-cavalos","status":"publish","type":"post","link":"https:\/\/www.europesays.com\/pt\/158956\/","title":{"rendered":"dos 0 aos 100 km\/h em 2,5 segundos e at\u00e9 1156 cavalos"},"content":{"rendered":"<p>Combinando o ADN da Porsche com tecnologia pioneira, a fabricante apresenta o seu modelo de produ\u00e7\u00e3o &#8220;mais potente de todos os tempos&#8221;. O Cayenne est\u00e1 a receber duas vers\u00f5es totalmente el\u00e9tricas, proporcionando din\u00e2mica, confian\u00e7a e conforto.<\/p>\n<p><a target=\"_blank\" href=\"https:\/\/pplware.sapo.pt\/wp-content\/uploads\/2025\/11\/porsche_cayenne_eletrico-9.jpg\" onclick=\"refreshIframe()\" class=\"foobox\" rel=\"nofollow noopener\"><img fetchpriority=\"high\" decoding=\"async\" src=\"https:\/\/www.europesays.com\/pt\/wp-content\/uploads\/2025\/11\/porsche_cayenne_eletrico-9-720x405.jpg\" alt=\"Porsche Cayenne el\u00e9trico\" width=\"720\" height=\"405\" class=\"aligncenter size-medium wp-image-1089323\"  \/><\/a>\n<\/p>\n<p>Com cerca de 36% dos seus carros desportivos vendidos globalmente a serem el\u00e9tricos, a Porsche \u00e9 uma das fabricantes de autom\u00f3veis que mais rapidamente se transformou em 2025.<\/p>\n<p>Agora, o Cayenne Electric \u00e9 o pr\u00f3ximo marco nesta hist\u00f3ria e complementa a oferta existente de modelos Cayenne com motor de combust\u00e3o e h\u00edbridos plug-in, &#8220;no esp\u00edrito de uma escolha completamente flex\u00edvel de motoriza\u00e7\u00f5es Porsche&#8221;, segundo a <a target=\"_blank\" href=\"https:\/\/newsroom.porsche.com\/en\/2025\/products\/porsche-cayenne-electric-technological-milestone-41128.html\" rel=\"nofollow noopener\">pr\u00f3pria marca<\/a>.<\/p>\n<blockquote>\n<p>Inspirar os clientes \u00e9 a nossa principal prioridade na Porsche. Com a eletrifica\u00e7\u00e3o do Cayenne, estamos a atingir um novo n\u00edvel de desempenho que define padr\u00f5es para o futuro. Ao mesmo tempo, continuaremos a desenvolver o Cayenne com sistemas de combust\u00e3o e h\u00edbridos eficientes at\u00e9 bem entrada a pr\u00f3xima d\u00e9cada.<\/p>\n<\/blockquote>\n<p>Disse Matthias Becker, membro do Conselho de Administra\u00e7\u00e3o, Vendas e Marketing da Porsche, explicando que &#8220;em todos os segmentos em que estamos representados, os clientes ter\u00e3o, no futuro, a escolha entre motores totalmente el\u00e9tricos e motores de combust\u00e3o&#8221;.<\/p>\n<p><a target=\"_blank\" href=\"https:\/\/pplware.sapo.pt\/wp-content\/uploads\/2025\/11\/porsche_cayenne_eletrico-1.jpg\" onclick=\"refreshIframe()\" class=\"foobox\" rel=\"nofollow noopener\"><img loading=\"lazy\" decoding=\"async\" src=\"https:\/\/www.europesays.com\/pt\/wp-content\/uploads\/2025\/11\/porsche_cayenne_eletrico-1-720x405.jpg\" alt=\"Porsche Cayenne el\u00e9trico\" width=\"720\" height=\"405\" class=\"aligncenter size-medium wp-image-1089315\"  \/><\/a><\/p>\n<p>Pot\u00eancia do Cayenne totalmente el\u00e9trico redefine padr\u00f5es<\/p>\n<p>A fam\u00edlia Cayenne totalmente el\u00e9trica ser\u00e1 inicialmente composta por dois modelos: o Cayenne Electric e o Cayenne Turbo Electric, ambos com tra\u00e7\u00e3o integral e equipados com o Porsche Traction Management (ePTM) eletr\u00f3nico.<\/p>\n<p>O Cayenne Turbo acelera de 0 a 100 km\/h em 2,5 segundos, de 0 a 200 km\/h em 7,4 segundos e atinge uma velocidade m\u00e1xima de 260 km\/h. Segundo a Porsche, este potente desempenho el\u00e9trico \u00e9 poss\u00edvel gra\u00e7as a um sistema de tra\u00e7\u00e3o recentemente desenvolvido que oferece at\u00e9 850 kW (1156 cv) e at\u00e9 1500 Nm de bin\u00e1rio quando o Launch Control \u00e9 ativado.<\/p>\n<p>Por sua vez, o modelo Cayenne b\u00e1sico tem 300 kW (408 cv) em funcionamento normal e 325 kW (442 cv) e 835 Nm de bin\u00e1rio com o Launch Control. Acelera dos 0 aos 100 km\/h em 4,8 segundos, atingindo uma velocidade m\u00e1xima de 230 km\/h.<\/p>\n<p>O Cayenne el\u00e9trico oferece valores de recupera\u00e7\u00e3o de energia not\u00e1veis, atingindo n\u00edveis da F\u00f3rmula E, com at\u00e9 600 kW de pot\u00eancia recuperativa.<\/p>\n<p>A conferir versatilidade ao novo Cayenne est\u00e1 a suspens\u00e3o pneum\u00e1tica adaptativa com Porsche Active Suspension Management (PASM), um equipamento de s\u00e9rie em ambos os modelos.<\/p>\n<dl class=\"gallery-item\">\n<dt class=\"gallery-icon landscape\">\n\t\t\t\t<a data-attachment-id=\"1089321\" href=\"https:\/\/pplware.sapo.pt\/wp-content\/uploads\/2025\/11\/porsche_cayenne_eletrico-7.jpg\" rel=\"nofollow noopener\" target=\"_blank\"><img loading=\"lazy\" decoding=\"async\" width=\"720\" height=\"405\" src=\"https:\/\/www.europesays.com\/pt\/wp-content\/uploads\/2025\/11\/porsche_cayenne_eletrico-7-720x405.jpg\" class=\"attachment-medium size-medium\" alt=\"Porsche Cayenne el\u00e9trico\"  \/><\/a>\n\t\t\t<\/dt>\n<\/dl>\n<dl class=\"gallery-item\">\n<dt class=\"gallery-icon landscape\">\n\t\t\t\t<a data-attachment-id=\"1089320\" href=\"https:\/\/pplware.sapo.pt\/wp-content\/uploads\/2025\/11\/porsche_cayenne_eletrico-6.jpg\" rel=\"nofollow noopener\" target=\"_blank\"><img loading=\"lazy\" decoding=\"async\" width=\"720\" height=\"405\" src=\"https:\/\/www.europesays.com\/pt\/wp-content\/uploads\/2025\/11\/porsche_cayenne_eletrico-6-720x405.jpg\" class=\"attachment-medium size-medium\" alt=\"Porsche Cayenne el\u00e9trico\"  \/><\/a>\n\t\t\t<\/dt>\n<\/dl>\n<p><br style=\"clear: both\"\/><\/p>\n<p>Porsche renovou o cora\u00e7\u00e3o do Cayenne<\/p>\n<p>Os modelos totalmente el\u00e9tricos s\u00e3o alimentados por uma bateria de alta tens\u00e3o de 113 kWh recentemente desenvolvida, que beneficia de refrigera\u00e7\u00e3o dupla para uma gest\u00e3o t\u00e9rmica ideal.<\/p>\n<p>Desta forma, a Porsche oferece um Cayenne Electric com autonomia WLTP combinada de at\u00e9 642 km, e uma vers\u00e3o Turbo com at\u00e9 623 km.<\/p>\n<p>Al\u00e9m disso, gra\u00e7as \u00e0 sua tecnologia de 800 volts, o Cayenne carrega com uma capacidade de carga CC de at\u00e9 390 kW. Em condi\u00e7\u00f5es espec\u00edficas, at\u00e9 400 kW.<\/p>\n<p><a target=\"_blank\" href=\"https:\/\/pplware.sapo.pt\/wp-content\/uploads\/2025\/11\/porsche_cayenne_eletrico-5.jpg\" onclick=\"refreshIframe()\" class=\"foobox\" rel=\"nofollow noopener\"><img loading=\"lazy\" decoding=\"async\" src=\"https:\/\/www.europesays.com\/pt\/wp-content\/uploads\/2025\/11\/porsche_cayenne_eletrico-5-720x405.jpg\" alt=\"Porsche Cayenne el\u00e9trico\" width=\"720\" height=\"405\" class=\"aligncenter size-medium wp-image-1089319\"  \/><\/a><\/p>\n<p>Por ter-se focado especialmente no desempenho do carregamento, a Porsche conseguiu que o SoC (State of Charge) fosse aumentado de 10 a 80% em menos de 16 minutos, e a energia para uma autonomia de 325 km (Cayenne) ou 315 km (Cayenne Turbo) aumentasse em 10 minutos.<\/p>\n<p>O Cayenne Electric \u00e9 o primeiro Porsche a suportar opcionalmente o carregamento indutivo, um sistema que carrega at\u00e9 11 kW. Conforme <a target=\"_blank\" href=\"https:\/\/pplware.sapo.pt\/motores\/novo-porsche-cayenne-totalmente-eletrico-podera-ser-carregado-sem-fios\/\" rel=\"nofollow noopener\">inform\u00e1mos<\/a>, anteriormente, o Wireless Charging requer apenas que o utilizador estacione sobre uma placa no ch\u00e3o.<\/p>\n<p><a target=\"_blank\" href=\"https:\/\/pplware.sapo.pt\/wp-content\/uploads\/2025\/09\/carregar_eletrico_sem_fios_porsche03.jpg\" onclick=\"refreshIframe()\" class=\"foobox\" rel=\"nofollow noopener\"><img loading=\"lazy\" decoding=\"async\" src=\"https:\/\/www.europesays.com\/pt\/wp-content\/uploads\/2025\/09\/carregar_eletrico_sem_fios_porsche03-720x405.jpg\" alt=\"Base de carregamento sem fios de carros el\u00e9tricos da Porsche\" width=\"720\" height=\"405\" class=\"aligncenter size-medium wp-image-1076989\"  \/><\/a><\/p>\n<p>Medidas mais robustas e experi\u00eancia de condu\u00e7\u00e3o tecnol\u00f3gica<\/p>\n<p>Em termos de medidas, o novo Cayenne Electric \u00e9 55 mil\u00edmetros mais comprido do que o modelo com motor de combust\u00e3o. O novo SUV tem 4985 mm de comprimento, 1980 mm de largura e 1674 mm de altura.<\/p>\n<p>Segundo a Porsche, a diferen\u00e7a \u00e9 maior na dist\u00e2ncia entre eixos (3023 mm), onde um aumento de quase 13 cm representa mais espa\u00e7o do que nunca para as pernas e conforto para os passageiros na parte de tr\u00e1s.<\/p>\n<p>A capacidade da bagageira \u00e9 de 781 a 1588 litros, al\u00e9m do compartimento de bagagem dianteiro de 90 litros.<\/p>\n<dl class=\"gallery-item\">\n<dt class=\"gallery-icon landscape\">\n\t\t\t\t<a data-attachment-id=\"1089322\" href=\"https:\/\/pplware.sapo.pt\/wp-content\/uploads\/2025\/11\/porsche_cayenne_eletrico-8.jpg\" rel=\"nofollow noopener\" target=\"_blank\"><img loading=\"lazy\" decoding=\"async\" width=\"720\" height=\"405\" src=\"https:\/\/www.europesays.com\/pt\/wp-content\/uploads\/2025\/11\/porsche_cayenne_eletrico-8-720x405.jpg\" class=\"attachment-medium size-medium\" alt=\"Porsche Cayenne el\u00e9trico\"  \/><\/a>\n\t\t\t<\/dt>\n<\/dl>\n<dl class=\"gallery-item\">\n<dt class=\"gallery-icon landscape\">\n\t\t\t\t<a data-attachment-id=\"1089318\" href=\"https:\/\/pplware.sapo.pt\/wp-content\/uploads\/2025\/11\/porsche_cayenne_eletrico-4.jpg\" rel=\"nofollow noopener\" target=\"_blank\"><img loading=\"lazy\" decoding=\"async\" width=\"720\" height=\"405\" src=\"https:\/\/www.europesays.com\/pt\/wp-content\/uploads\/2025\/11\/porsche_cayenne_eletrico-4-720x405.jpg\" class=\"attachment-medium size-medium\" alt=\"Porsche Cayenne el\u00e9trico\"  \/><\/a>\n\t\t\t<\/dt>\n<\/dl>\n<p><br style=\"clear: both\"\/><\/p>\n<p>No campo da digitaliza\u00e7\u00e3o, o Cayenne Electric eleva a experi\u00eancia de condu\u00e7\u00e3o a um novo n\u00edvel.<\/p>\n<p>No centro da rec\u00e9m-desenvolvida Porsche Driver Experience est\u00e1 o Flow Display, um painel OLED curvo que se integra na consola central e permite uma separa\u00e7\u00e3o clara entre as \u00e1reas de visualiza\u00e7\u00e3o e controlo.<\/p>\n<p>Este \u00e9 complementado por um painel de instrumentos totalmente digital com tecnologia OLED de 14,25&#8221; e um ecr\u00e3 opcional de 14,9&#8221; para o passageiro.<\/p>\n<p>Ambos os pain\u00e9is d\u00e3o forma \u00e0 maior \u00e1rea de visualiza\u00e7\u00e3o j\u00e1 encontrada num Porsche.<\/p>\n<p>Contrariando a estreia tecnol\u00f3gica de um head-up display com tecnologia AR, que representa uma \u00e1rea de visualiza\u00e7\u00e3o de 87&#8221; a 10 metros \u00e0 frente do ve\u00edculo, os bot\u00f5es e controlos para fun\u00e7\u00f5es particularmente utilizadas, como o ar condicionado e o volume do \u00e1udio, s\u00e3o anal\u00f3gicos.<\/p>\n","protected":false},"excerpt":{"rendered":"Combinando o ADN da Porsche com tecnologia pioneira, a fabricante apresenta o seu modelo de produ\u00e7\u00e3o &#8220;mais potente&hellip;\n","protected":false},"author":2,"featured_media":158957,"comment_status":"","ping_status":"","sticky":false,"template":"","format":"standard","meta":{"footnotes":""},"categories":[83],"tags":[88,744,89,90,4311,6353,23633,32,33],"class_list":{"0":"post-158956","1":"post","2":"type-post","3":"status-publish","4":"format-standard","5":"has-post-thumbnail","7":"category-empresas","8":"tag-business","9":"tag-carro-eletrico","10":"tag-economy","11":"tag-empresas","12":"tag-porsche","13":"tag-porsche-cayenne","14":"tag-porsche-cayenne-electric","15":"tag-portugal","16":"tag-pt"},"share_on_mastodon":{"url":"https:\/\/pubeurope.com\/@pt\/115582772711330232","error":""},"_links":{"self":[{"href":"https:\/\/www.europesays.com\/pt\/wp-json\/wp\/v2\/posts\/158956","targetHints":{"allow":["GET"]}}],"collection":[{"href":"https:\/\/www.europesays.com\/pt\/wp-json\/wp\/v2\/posts"}],"about":[{"href":"https:\/\/www.europesays.com\/pt\/wp-json\/wp\/v2\/types\/post"}],"author":[{"embeddable":true,"href":"https:\/\/www.europesays.com\/pt\/wp-json\/wp\/v2\/users\/2"}],"replies":[{"embeddable":true,"href":"https:\/\/www.europesays.com\/pt\/wp-json\/wp\/v2\/comments?post=158956"}],"version-history":[{"count":0,"href":"https:\/\/www.europesays.com\/pt\/wp-json\/wp\/v2\/posts\/158956\/revisions"}],"wp:featuredmedia":[{"embeddable":true,"href":"https:\/\/www.europesays.com\/pt\/wp-json\/wp\/v2\/media\/158957"}],"wp:attachment":[{"href":"https:\/\/www.europesays.com\/pt\/wp-json\/wp\/v2\/media?parent=158956"}],"wp:term":[{"taxonomy":"category","embeddable":true,"href":"https:\/\/www.europesays.com\/pt\/wp-json\/wp\/v2\/categories?post=158956"},{"taxonomy":"post_tag","embeddable":true,"href":"https:\/\/www.europesays.com\/pt\/wp-json\/wp\/v2\/tags?post=158956"}],"curies":[{"name":"wp","href":"https:\/\/api.w.org\/{rel}","templated":true}]}}