{"id":158958,"date":"2025-11-20T15:37:15","date_gmt":"2025-11-20T15:37:15","guid":{"rendered":"https:\/\/www.europesays.com\/pt\/158958\/"},"modified":"2025-11-20T15:37:15","modified_gmt":"2025-11-20T15:37:15","slug":"estas-sao-as-estacoes-de-comboio-mais-bonitas-da-europa-quantas-visitou","status":"publish","type":"post","link":"https:\/\/www.europesays.com\/pt\/158958\/","title":{"rendered":"Estas s\u00e3o as esta\u00e7\u00f5es de comboio mais bonitas da Europa. Quantas visitou?"},"content":{"rendered":"<p>As <strong>viagens de comboio na Europa t\u00eam conquistado mais viajantes<\/strong> nos \u00faltimos anos, uma tend\u00eancia que promete ficar para o futuro. Seja por preocupa\u00e7\u00f5es ambientais, econ\u00f3micas ou por comodidade, a verdade \u00e9 que existe algo de fascinante nas viagens pela ferrovia, incluindo os lugares de embarque e desembarque.<\/p>\n<p>Escolhemos as esta\u00e7\u00f5es de comboio mais espetaculares do velho continente e Portugal consegue colocar duas paragens <strong>na lista, que pode verificar abaixo.<\/strong><\/p>\n","protected":false},"excerpt":{"rendered":"As viagens de comboio na Europa t\u00eam conquistado mais viajantes nos \u00faltimos anos, uma tend\u00eancia que promete ficar&hellip;\n","protected":false},"author":2,"featured_media":158959,"comment_status":"","ping_status":"","sticky":false,"template":"","format":"standard","meta":{"footnotes":""},"categories":[50],"tags":[27,28,15,16,14,25,26,21,22,62,12,13,19,20,23,24,17,18,29,30,31,63,64,65],"class_list":{"0":"post-158958","1":"post","2":"type-post","3":"status-publish","4":"format-standard","5":"has-post-thumbnail","7":"category-mundo","8":"tag-breaking-news","9":"tag-breakingnews","10":"tag-featured-news","11":"tag-featurednews","12":"tag-headlines","13":"tag-latest-news","14":"tag-latestnews","15":"tag-main-news","16":"tag-mainnews","17":"tag-mundo","18":"tag-news","19":"tag-noticias","20":"tag-noticias-principais","21":"tag-noticiasprincipais","22":"tag-principais-noticias","23":"tag-principaisnoticias","24":"tag-top-stories","25":"tag-topstories","26":"tag-ultimas","27":"tag-ultimas-noticias","28":"tag-ultimasnoticias","29":"tag-world","30":"tag-world-news","31":"tag-worldnews"},"share_on_mastodon":{"url":"https:\/\/pubeurope.com\/@pt\/115582772780686894","error":""},"_links":{"self":[{"href":"https:\/\/www.europesays.com\/pt\/wp-json\/wp\/v2\/posts\/158958","targetHints":{"allow":["GET"]}}],"collection":[{"href":"https:\/\/www.europesays.com\/pt\/wp-json\/wp\/v2\/posts"}],"about":[{"href":"https:\/\/www.europesays.com\/pt\/wp-json\/wp\/v2\/types\/post"}],"author":[{"embeddable":true,"href":"https:\/\/www.europesays.com\/pt\/wp-json\/wp\/v2\/users\/2"}],"replies":[{"embeddable":true,"href":"https:\/\/www.europesays.com\/pt\/wp-json\/wp\/v2\/comments?post=158958"}],"version-history":[{"count":0,"href":"https:\/\/www.europesays.com\/pt\/wp-json\/wp\/v2\/posts\/158958\/revisions"}],"wp:featuredmedia":[{"embeddable":true,"href":"https:\/\/www.europesays.com\/pt\/wp-json\/wp\/v2\/media\/158959"}],"wp:attachment":[{"href":"https:\/\/www.europesays.com\/pt\/wp-json\/wp\/v2\/media?parent=158958"}],"wp:term":[{"taxonomy":"category","embeddable":true,"href":"https:\/\/www.europesays.com\/pt\/wp-json\/wp\/v2\/categories?post=158958"},{"taxonomy":"post_tag","embeddable":true,"href":"https:\/\/www.europesays.com\/pt\/wp-json\/wp\/v2\/tags?post=158958"}],"curies":[{"name":"wp","href":"https:\/\/api.w.org\/{rel}","templated":true}]}}