{"id":158960,"date":"2025-11-20T15:40:10","date_gmt":"2025-11-20T15:40:10","guid":{"rendered":"https:\/\/www.europesays.com\/pt\/158960\/"},"modified":"2025-11-20T15:40:10","modified_gmt":"2025-11-20T15:40:10","slug":"rafaella-justus-revela-presente-especial-e-aumenta-rumores-de-primeiro-romance","status":"publish","type":"post","link":"https:\/\/www.europesays.com\/pt\/158960\/","title":{"rendered":"Rafaella Justus revela presente especial e aumenta rumores de primeiro romance"},"content":{"rendered":"<p>\n                        Filha de Ticiane Pinheiro e Roberto Justus, Rafaella Justus se derreteu ao ganhar um buqu\u00ea de flores.\n                    <\/p>\n<ul class=\"article__header__author\">\n<li class=\"article__header__author__item\">\n                                                Por:<br \/>\n                                                                                    Purepeople BR \/ Purepeople\n                                                                        <\/li>\n<\/ul>\n<p>\n                                                                                                                                                                                                                            20 nov<br \/>\n                                    2025<br \/>\n                                     &#8211; 09h13\n                                <\/p>\n<p>\n                                                                                                            (atualizado \u00e0s 10h20)\n                                                                    <\/p>\n<p>\n                        <b style=\"margin-bottom: 8px; display: inline-block;\">Resumo<\/b><br \/>Rafaella Justus compartilhou indicativos de um romance ao exibir um buqu\u00ea de flores recebido de uma &#8220;pessoa especial&#8221; em suas redes sociais, transmitindo entusiasmo com o presente.\n                    <\/p>\n<p><img loading=\"lazy\" decoding=\"async\" alt=\"Primeiro amor? Rafaella Justus d\u00e1 ind\u00edcio de romance e exp\u00f5e presente de 'pessoa especial'.\" class=\"img-ef8c1616ee8173b561373da529f63a33kynpq0i1\" height=\"455\" src=\"https:\/\/www.europesays.com\/pt\/wp-content\/uploads\/2025\/11\/1851535285-75b977cd62a7f9da-1400x823-2.png\"  title=\"Primeiro amor? Rafaella Justus d\u00e1 ind\u00edcio de romance e exp\u00f5e presente de 'pessoa especial'.\" width=\"774\"\/><\/p>\n<p>Primeiro amor? Rafaella Justus d\u00e1 ind\u00edcio de romance e exp\u00f5e presente de &#8216;pessoa especial&#8217;.<\/p>\n<p>Foto: Reprodu\u00e7\u00e3o, Instagram \/ Purepeople<\/p>\n<p class=\"text\"><a href=\"https:\/\/www.purepeople.com.br\/famosos\/rafaella-justus_p2601\" rel=\"nofollow noopener\" target=\"_blank\">Rafaella Justus<\/a> deu ind\u00edcios de que arrumou um pretendente. A jovem, <a href=\"https:\/\/www.purepeople.com.br\/noticia\/decoracao-de-natal-luxuosa-da-mansao-de-roberto-justus-e-exposta-por-rafaella-justus_a413510\/1\" rel=\"nofollow noopener\" target=\"_blank\">que, recentemente, exp\u00f4s a decora\u00e7\u00e3o de natal luxuosa da mans\u00e3o de Roberto Justus<\/a>, compartilhou imagens de um buqu\u00ea de flores que recebeu.<\/p>\n<p class=\"text\">Rafaella postou o mimo nesta quarta-feira, 19, em seu perfil no Instagram. As rosas chegaram com um bilhetinho, que a adolescente manteve privado. \u00c9 poss\u00edvel ver apenas que o remetente iniciou a carta com o nome completo da mo\u00e7a: &#8220;Rafaella Pinheiro Justus&#8221;.<\/p>\n<p class=\"text\">Rafaella, <a href=\"https:\/\/www.purepeople.com.br\/noticia\/rafaella-justus-usa-vestido-de-r-48-mil-para-festa-de-cela-lopes-e-ticiane-pinheiro-se-impressiona-com-look-decotado-deusa_a413238\/1\" rel=\"nofollow noopener\" target=\"_blank\">vista recentemente com um look com decote V de quase R$ 5 mil<\/a>, n\u00e3o escondeu a alegria de receber as flores. &#8220;Acabei de receber flores de uma pessoa especial&#8221;, escreveu ela. Em seguida, a filha de Ticiane Pinheiro dublou um hit de Bruno Mars exibindo as flores: &#8220;Espero que ele lhe compre flores \/ Espero que ele segure suas m\u00e3os \/ E d\u00ea todas as duas horas&#8221;.<\/p>\n<p class=\"text\">Recentemente, <a href=\"https:\/\/www.purepeople.com.br\/noticia\/quem-e-o-namorado-de-rafaella-justus-filha-de-15-anos-de-ticiane-pinheiro-e-roberto-justus-recebe-pergunta-intima-e-da-resposta-surpreendente-saiba-qual_a403529\/1\" rel=\"nofollow noopener\" target=\"_blank\">Rafaella falou sobre namoro em conversa com seguidores. Na ocasi\u00e3o, ela afirmou que pensa em ter um relacionamento, mas n\u00e3o tem pressa<\/a>. &#8220;Acredito que tudo vem na hora certa e que um namoro n\u00e3o \u00e9 quest\u00e3o de idade e sim de maturidade. No fim, \u00e9 como dizem: antes s\u00f3 do que mal acompanhada!. Inclusive, j\u00e1 me iludi tamb\u00e9m. Faz parte.&#8221;<\/p>\n<p>RAFAELLA JUSTUS REBATE ATAQUES POR SUA APAR\u00caNCIA: &#8216;\u00d3DIO GRATUITO&#8217;<\/p>\n<p class=\"text\">No m\u00eas passado, Rafaella fez um forte desabafo na web. <a href=\"https:\/\/www.purepeople.com.br\/noticia\/rafaella-justus-faz-forte-desabafo-apos-sofrer-criticas-por-fantasia-em-festa-de-halloween_a412958\/1\" rel=\"nofollow noopener\" target=\"_blank\">A jovem recebeu ataques por surgir vestida da personagem Mal\u00e9vola, da Disney, em uma festa de Halloween<\/a>.<\/p>\n<p class=\"text\">&#8220;Estava vendo os coment\u00e1rios dos meus v\u00eddeos aqui, principalmente, os que postei ontem, e percebi o &#8230;<\/p>\n<p class=\"text\"><a href=\"https:\/\/www.purepeople.com.br\/noticia\/e-verdade-que-rafaella-justus-esta-namorando-filha-de-ticiane-pinheiro-expoe-presente-de-pessoa-especial_a413766\/1\" rel=\"nofollow noopener\" target=\"_blank\">Veja mais<\/a><\/p>\n<p class=\"text\"><b>Mat\u00e9rias relacionadas<\/b><\/p>\n<p class=\"text\"><a href=\"https:\/\/www.purepeople.com.br\/noticia\/decoracao-de-natal-luxuosa-da-mansao-de-roberto-justus-e-exposta-por-rafaella-justus_a413510\/1\" rel=\"nofollow noopener\" target=\"_blank\">Com direito a esculturas de fios de luz, Rafaella Justus exp\u00f5e decora\u00e7\u00e3o de natal luxuosa da mans\u00e3o de Roberto Justus<\/a><\/p>\n<p class=\"text\"><a href=\"https:\/\/www.purepeople.com.br\/noticia\/rafaella-justus-exibe-vestido-curto-de-luxo-de-mais-de-r-2-mil-veja-fotos-e-saiba-detalhes-do-look_a409300\/1\" rel=\"nofollow noopener\" target=\"_blank\">Rafaella Justus arranca elogio do pai, Roberto Justus, ao surgir de vestido curto de mais de R$ 2 mil. Fotos!<\/a><\/p>\n<p class=\"text\"><a href=\"https:\/\/www.purepeople.com.br\/noticia\/rafaella-justus-tem-problema-para-resolver-mas-ja-tem-decisao-tomada-apos-mae-ticiane-pinheiro-se-mudar-para-o-rio-de-janeiro-saiba_a411414\/1\" rel=\"nofollow noopener\" target=\"_blank\">Com a m\u00e3e ou com o pai? Rafaella Justus toma decis\u00e3o envolvendo mudan\u00e7a de Ticiane Pinheiro para o Rio, entrega Roberto Justus<\/a><\/p>\n<p class=\"text\"><a href=\"https:\/\/www.purepeople.com.br\/noticia\/roberto-justus-filha-rafaella-justus-usa-roupa-de-alfaiataria-e-destaca-beleza-com-make-em-festa-com-pai-e-3-irmaos-fotos_a411373\/1\" rel=\"nofollow noopener\" target=\"_blank\">Rafaella Justus elege conjunto de alfaiataria e destaca beleza com make delicada para festa do pai, Roberto Justus, e ao lado de 3 irm\u00e3os. Fotos!<\/a><\/p>\n<p class=\"text\"><a href=\"https:\/\/www.purepeople.com.br\/noticia\/ticiane-pinheiro-revela-que-a-filha-rafaella-justus-vai-passar-o-aniversario-de-16-anos-longe-dela_a409400\/1\" rel=\"nofollow noopener\" target=\"_blank\">Rafaella Justus vai passar o anivers\u00e1rio de 16 anos longe de Ticiane Pinheiro e a m\u00e3e da adolescente exp\u00f5e o motivo: &#8216;S\u00f3 com&#8230;&#8217;<\/a><\/p>\n","protected":false},"excerpt":{"rendered":"Filha de Ticiane Pinheiro e Roberto Justus, Rafaella Justus se derreteu ao ganhar um buqu\u00ea de flores. Por:&hellip;\n","protected":false},"author":2,"featured_media":158961,"comment_status":"","ping_status":"","sticky":false,"template":"","format":"standard","meta":{"footnotes":""},"categories":[145],"tags":[211,210,114,115,32,33],"class_list":{"0":"post-158960","1":"post","2":"type-post","3":"status-publish","4":"format-standard","5":"has-post-thumbnail","7":"category-celebridades","8":"tag-celebridades","9":"tag-celebrities","10":"tag-entertainment","11":"tag-entretenimento","12":"tag-portugal","13":"tag-pt"},"share_on_mastodon":{"url":"https:\/\/pubeurope.com\/@pt\/115582784399083511","error":""},"_links":{"self":[{"href":"https:\/\/www.europesays.com\/pt\/wp-json\/wp\/v2\/posts\/158960","targetHints":{"allow":["GET"]}}],"collection":[{"href":"https:\/\/www.europesays.com\/pt\/wp-json\/wp\/v2\/posts"}],"about":[{"href":"https:\/\/www.europesays.com\/pt\/wp-json\/wp\/v2\/types\/post"}],"author":[{"embeddable":true,"href":"https:\/\/www.europesays.com\/pt\/wp-json\/wp\/v2\/users\/2"}],"replies":[{"embeddable":true,"href":"https:\/\/www.europesays.com\/pt\/wp-json\/wp\/v2\/comments?post=158960"}],"version-history":[{"count":0,"href":"https:\/\/www.europesays.com\/pt\/wp-json\/wp\/v2\/posts\/158960\/revisions"}],"wp:featuredmedia":[{"embeddable":true,"href":"https:\/\/www.europesays.com\/pt\/wp-json\/wp\/v2\/media\/158961"}],"wp:attachment":[{"href":"https:\/\/www.europesays.com\/pt\/wp-json\/wp\/v2\/media?parent=158960"}],"wp:term":[{"taxonomy":"category","embeddable":true,"href":"https:\/\/www.europesays.com\/pt\/wp-json\/wp\/v2\/categories?post=158960"},{"taxonomy":"post_tag","embeddable":true,"href":"https:\/\/www.europesays.com\/pt\/wp-json\/wp\/v2\/tags?post=158960"}],"curies":[{"name":"wp","href":"https:\/\/api.w.org\/{rel}","templated":true}]}}