{"id":158962,"date":"2025-11-20T15:43:52","date_gmt":"2025-11-20T15:43:52","guid":{"rendered":"https:\/\/www.europesays.com\/pt\/158962\/"},"modified":"2025-11-20T15:43:52","modified_gmt":"2025-11-20T15:43:52","slug":"foi-o-momento-mais-dificil","status":"publish","type":"post","link":"https:\/\/www.europesays.com\/pt\/158962\/","title":{"rendered":"Foi o momento mais dif\u00edcil&#8230;"},"content":{"rendered":"<p>Na din\u00e2mica de partilhas comoventes que os concorrentes do Secret Story 9 enfrentaram na tarde desta ter\u00e7a-feira, 18 de novembro, Pedro Jorge recordou dois per\u00edodos dif\u00edceis relacionados com a sua m\u00e3e: quando emigrou e lhe foi diagnosticado um problema de sa\u00fade.<\/p>\n<p>Visivelmente emocionado, o concorrente da Covilh\u00e3 come\u00e7ou por contar que, felizmente, n\u00e3o perdeu ainda ningu\u00e9m e que a sua \u201c<strong>maior cicatriz<\/strong>\u201d foi \u201c<strong>a n\u00edvel econ\u00f3mico<\/strong>\u201c: \u201c<strong>N\u00e3o gosto de falar disto<\/strong>\u201c, rapidamente confessou.<\/p>\n<p>\u201c<strong>Foi quando a minha m\u00e3e decidiu emigrar. A minha irm\u00e3 \u00e9 mais nova, eu fiz muito de m\u00e3e, acabei por crescer demasiado r\u00e1pido nesse sentido de ter ajudar o meu pai em tudo<\/strong>\u201c, partilhou Pedro, que lembrou quando teve 10 negativas no primeiro per\u00edodo do 7\u00ba ano e a m\u00e3e veio para Portugal, os pais ralharam consigo e a sua vida, nesse instante, mudou. O concorrente acabou o ano com apenas uma negativa e destaca que esta foi uma aprendizagem.<\/p>\n<p>O segundo epis\u00f3dio dif\u00edcil aconteceu \u201c<strong>passados 10 anos<\/strong>\u201c: \u201c<strong>Com a dist\u00e2ncia da minha m\u00e3e \u2013 sempre foi uma pessoa muito presente na minha vida e continua a ser \u2013 recebo uma chamada dela a dizer que lhe apareceu um pequeno tumor no peito. E foi o momento mais dif\u00edcil da minha vida, porque sempre batalhou para que n\u00e3o falhasse nada \u00e0 nossa fam\u00edlia. E ela sozinha, sem a nossa ajuda, passou por tudo sozinha, passa por tudo sozinha e isso custa-me bastante<\/strong>\u201c, relatou.<\/p>\n<p>Em rela\u00e7\u00e3o a este problema de sa\u00fade, Pedro adiantou que \u201c<strong>est\u00e1 controlado<\/strong>\u201d e, desfeito em l\u00e1grimas, elogiou a m\u00e3e: \u201c<strong>Felizmente, fez a opera\u00e7\u00e3o, est\u00e1 tudo bem. Por isso \u00e9 que, para mim, a minha m\u00e3e \u00e9 uma guerreira.\u00a0Sempre fez tudo para que n\u00e3o faltasse nada. Para mim, a minha m\u00e3e \u00e9 tudo, porque foi uma mulher guerreira e tem todo o meu valor<\/strong>\u201c.<\/p>\n<p><a href=\"https:\/\/tvi.iol.pt\/secretstory\/videos\/pedro-jorge-em-lagrimas-ao-relatar-a-sua-dura-historia-de-vida-nao-gosto-de-falar-disto\/691cad530cf2c7eb244453f0\" target=\"_blank\" rel=\"noopener nofollow\">Veja o v\u00eddeo aqui<\/a>.<\/p>\n","protected":false},"excerpt":{"rendered":"Na din\u00e2mica de partilhas comoventes que os concorrentes do Secret Story 9 enfrentaram na tarde desta ter\u00e7a-feira, 18&hellip;\n","protected":false},"author":2,"featured_media":158963,"comment_status":"","ping_status":"","sticky":false,"template":"","format":"standard","meta":{"footnotes":""},"categories":[142],"tags":[114,115,28755,21416,32,3475,33917,33,117,151],"class_list":{"0":"post-158962","1":"post","2":"type-post","3":"status-publish","4":"format-standard","5":"has-post-thumbnail","7":"category-tv","8":"tag-entertainment","9":"tag-entretenimento","10":"tag-mu00e3e","11":"tag-pedro-jorge","12":"tag-portugal","13":"tag-problema","14":"tag-problema-de-sau00fade","15":"tag-pt","16":"tag-saude","17":"tag-tv"},"share_on_mastodon":{"url":"https:\/\/pubeurope.com\/@pt\/115582799937126590","error":""},"_links":{"self":[{"href":"https:\/\/www.europesays.com\/pt\/wp-json\/wp\/v2\/posts\/158962","targetHints":{"allow":["GET"]}}],"collection":[{"href":"https:\/\/www.europesays.com\/pt\/wp-json\/wp\/v2\/posts"}],"about":[{"href":"https:\/\/www.europesays.com\/pt\/wp-json\/wp\/v2\/types\/post"}],"author":[{"embeddable":true,"href":"https:\/\/www.europesays.com\/pt\/wp-json\/wp\/v2\/users\/2"}],"replies":[{"embeddable":true,"href":"https:\/\/www.europesays.com\/pt\/wp-json\/wp\/v2\/comments?post=158962"}],"version-history":[{"count":0,"href":"https:\/\/www.europesays.com\/pt\/wp-json\/wp\/v2\/posts\/158962\/revisions"}],"wp:featuredmedia":[{"embeddable":true,"href":"https:\/\/www.europesays.com\/pt\/wp-json\/wp\/v2\/media\/158963"}],"wp:attachment":[{"href":"https:\/\/www.europesays.com\/pt\/wp-json\/wp\/v2\/media?parent=158962"}],"wp:term":[{"taxonomy":"category","embeddable":true,"href":"https:\/\/www.europesays.com\/pt\/wp-json\/wp\/v2\/categories?post=158962"},{"taxonomy":"post_tag","embeddable":true,"href":"https:\/\/www.europesays.com\/pt\/wp-json\/wp\/v2\/tags?post=158962"}],"curies":[{"name":"wp","href":"https:\/\/api.w.org\/{rel}","templated":true}]}}