{"id":158964,"date":"2025-11-20T15:45:26","date_gmt":"2025-11-20T15:45:26","guid":{"rendered":"https:\/\/www.europesays.com\/pt\/158964\/"},"modified":"2025-11-20T15:45:26","modified_gmt":"2025-11-20T15:45:26","slug":"jay-kelly-critica-do-filme-com-george-clooney-e-adam-sandler","status":"publish","type":"post","link":"https:\/\/www.europesays.com\/pt\/158964\/","title":{"rendered":"Jay Kelly | Cr\u00edtica do Filme com George Clooney e Adam Sandler"},"content":{"rendered":"<p>  <img decoding=\"async\" src=\"https:\/\/cdn.ome.lt\/static\/omelete\/img\/loading.svg\" alt=\"\"\/><\/p>\n<p>  <img decoding=\"async\" class=\"article__cover__image\" data-lazy-src-mob=\"\/\/cdn.ome.lt\/lNYdXnuJEvIj-vpGa2EAp192a_Y=\/570x0\/smart\/filters:format(webp)\/uploads\/conteudo\/fotos\/Captura_de_tela_2025-11-20_105137.png\" data-lazy-src=\"https:\/\/cdn.ome.lt\/oxOdHSZPbwe8BBbGwVbR69mY50g=\/987x0\/smart\/filters:format(webp)\/uploads\/conteudo\/fotos\/Captura_de_tela_2025-11-20_105137.png\" src=\"data:image\/png;base64,iVBORw0KGgoAAAANSUhEUgAAAAEAAAABCAQAAAC1HAwCAAAAC0lEQVR42mNkYAAAAAYAAjCB0C8AAAAASUVORK5CYII=\" alt=\"Jay Kelly prop\u00f5e reflex\u00f5es, mas acaba como pe\u00e7a publicit\u00e1ria para George Clooney\" title=\"Netflix\/Divulga\u00e7\u00e3o\" width=\"987\" height=\"555\" fetchpriority=\"high\"\/><\/p>\n<p class=\"article__cover__credits\">\n  Cr\u00e9ditos da imagem:<br \/>\n  Netflix\/Divulga\u00e7\u00e3o\n<\/p>\n<p dir=\"ltr\">O line-up da <strong>Netflix<\/strong> para a temporada de pr\u00eamios de 2025 \u00e9 impressionante. A quantidade de diretores renomados e estrelas de Hollywood que desfilaram pelo streaming at\u00e9 agora \u00e9 de encher qualquer est\u00fadio de inveja. <strong>Jay Kelly<\/strong>, nova produ\u00e7\u00e3o dirigida por <strong>Noah Baumbach<\/strong> \u2014 em sua terceira parceria seguida com o streaming, depois de <strong>Hist\u00f3ria de um Casamento<\/strong> e <strong>Ru\u00eddo Branco<\/strong> \u2014 traz ningu\u00e9m menos que <strong>George Clooney<\/strong> como protagonista, al\u00e9m de <strong>Adam Sandler, Billy Crudup, Patrick Wilson<\/strong> e <strong>Kristen Wiig<\/strong> completando o elenco.<\/p>\n<p dir=\"ltr\">Clooney vive o personagem que d\u00e1 t\u00edtulo ao filme, um renomado ator americano que come\u00e7a a enfrentar uma crise existencial sobre sua carreira, o relacionamento com as filhas e figuras de seu passado, ap\u00f3s terminar de rodar seu \u00faltimo longa. Ele decide, ent\u00e3o, viajar para a Europa para se aproximar da filha mais jovem e usa como desculpa um pr\u00eamio no interior da It\u00e1lia.<\/p>\n<p dir=\"ltr\">Jay Kelly tem tudo que a temporada de pr\u00eamios dos EUA costuma amar: figur\u00f5es no elenco e na dire\u00e7\u00e3o, al\u00e9m de uma hist\u00f3ria que fala sobre a ind\u00fastria, as lutas di\u00e1rias para manter Hollywood funcionando e astros que supostamente abdicaram da vida pessoal pela carreira. Mas tudo soa artificial, como as propagandas de caf\u00e9 espresso que Clooney estrela h\u00e1 anos. Baumbach at\u00e9 cria bons momentos c\u00f4micos \u2014 o segmento no trem e a briga entre Clooney e Crudup no bar s\u00e3o os melhores. Mas, quando o filme parte para o drama, a coisa desanda de vez.<\/p>\n<p>            Continua depois da Publicidade<\/p>\n<p dir=\"ltr\">O diretor e roteirista adiciona tantas mazelas ao \u201cmundo perfeito das celebridades\u201d que se perde naquilo que realmente quer contar, chegando a colocar <strong>Patrick Wilson <\/strong>e <strong>Isla Fisher<\/strong> em uma cena constrangedora no meio de uma estrada. A trama que acaba ganhando mais aten\u00e7\u00e3o \u00e9 a rela\u00e7\u00e3o de Kelly com seu agente (Sandler), um devoto que se v\u00ea colocado em segundo plano a todo momento. N\u00e3o h\u00e1 novidade a\u00ed, e \u00e9 o carisma dos astros que torna essa din\u00e2mica minimamente interessante. E quando o filme j\u00e1 parece inchado o suficiente, Baumbach ainda adiciona outra camada na hist\u00f3ria de paternidade, com a entrada de <strong>Stacy Keach<\/strong>.<\/p>\n<p dir=\"ltr\">Ali\u00e1s, vale dizer que considerar Adam Sandler ou o pr\u00f3prio George Clooney para pr\u00eamios, em um ano com grandes atua\u00e7\u00f5es masculinas, \u00e9 completamente desproporcional.<\/p>\n<p dir=\"ltr\">Bem filmado e com paisagens lindas, Jay Kelly se apresenta como um filme de reflex\u00e3o sobre carreira e fama (at\u00e9 comportamento de internet entra no balaio), mas que nunca chega a discutir nada. O prop\u00f3sito parece sempre direcionado para uma indulg\u00eancia com o personagem-t\u00edtulo e com o pr\u00f3prio protagonista, que s\u00f3 querem fazer as pazes com o mundo que os viu brilhar.<\/p>\n<p dir=\"ltr\">E se j\u00e1 n\u00e3o bastasse o filme se estabelecer como essa biografia \u201cquero-ser-fofa\u201d de astros como Clooney, Baumbach ainda decide encerrar tudo com o maior dos tapinhas nas costas de seu astro: uma montagem que deixaria aquela final de <strong>Babil\u00f4nia<\/strong>, de <strong>Damien Chazelle<\/strong>, orgulhosa. Mas a verdade \u00e9 que Clooney merecia uma homenagem mais caprichada \u2014 e n\u00e3o essa pe\u00e7a com cara de propaganda, parecida com aquelas em que ele volta e meia aparece na TV vendendo m\u00e1quina de caf\u00e9 ou rel\u00f3gios de luxo.<\/p>\n<p>\u00a0<\/p>\n<p>    Jay Kelly<\/p>\n<p>        <img decoding=\"async\" data-lazy-src=\"https:\/\/cdn.ome.lt\/3s1fcD8iCvwyS4khfsX6x-Mbn9s=\/253x334\/smart\/filters:format(webp)\/extras\/capas\/Captura_de_tela_2025-11-20_102845.png\" src=\"data:image\/png;base64,iVBORw0KGgoAAAANSUhEUgAAAAEAAAABCAQAAAC1HAwCAAAAC0lEQVR42mNkYAAAAAYAAjCB0C8AAAAASUVORK5CYII=\" alt=\"\"\/><\/p>\n<p>\n          Pa\u00eds:<br \/>\n          EUA\n        <\/p>\n<p>\n          Classifica\u00e7\u00e3o:<\/p>\n<p>            12 anos<\/p>\n<p>\n          Dire\u00e7\u00e3o:<\/p>\n<p>            Noah Baumbach<\/p>\n<p>\n          Elenco:<\/p>\n<p>            Laura Dern, <\/p>\n<p>            Isla Fisher, <\/p>\n<p>            Greta Gerwig, <\/p>\n<p>            George Clooney, <\/p>\n<p>            Riley Keough, <\/p>\n<p>            Adam Sandler, <\/p>\n<p>            Billy Crudup, <\/p>\n<p>            Patrick Wilson<\/p>\n<p>Onde assistir:<\/p>\n<p>          Oferecido por<br \/>\n          <a href=\"https:\/\/www.justwatch.com\/br\" target=\"_blank\" class=\"justwatch-logo-link\" rel=\"nofollow noopener\"><br \/>\n            <img decoding=\"async\" src=\"https:\/\/www.europesays.com\/pt\/wp-content\/uploads\/2025\/10\/justwatch_icon.png\" alt=\"JustWatch\" class=\"justwatch-logo\"\/><br \/>\n          <\/a><\/p>\n","protected":false},"excerpt":{"rendered":"Cr\u00e9ditos da imagem: Netflix\/Divulga\u00e7\u00e3o O line-up da Netflix para a temporada de pr\u00eamios de 2025 \u00e9 impressionante. A&hellip;\n","protected":false},"author":2,"featured_media":158965,"comment_status":"","ping_status":"","sticky":false,"template":"","format":"standard","meta":{"footnotes":""},"categories":[140],"tags":[114,115,147,148,146,32,33],"class_list":{"0":"post-158964","1":"post","2":"type-post","3":"status-publish","4":"format-standard","5":"has-post-thumbnail","7":"category-filmes","8":"tag-entertainment","9":"tag-entretenimento","10":"tag-film","11":"tag-filmes","12":"tag-movies","13":"tag-portugal","14":"tag-pt"},"share_on_mastodon":{"url":"https:\/\/pubeurope.com\/@pt\/115582804226431763","error":""},"_links":{"self":[{"href":"https:\/\/www.europesays.com\/pt\/wp-json\/wp\/v2\/posts\/158964","targetHints":{"allow":["GET"]}}],"collection":[{"href":"https:\/\/www.europesays.com\/pt\/wp-json\/wp\/v2\/posts"}],"about":[{"href":"https:\/\/www.europesays.com\/pt\/wp-json\/wp\/v2\/types\/post"}],"author":[{"embeddable":true,"href":"https:\/\/www.europesays.com\/pt\/wp-json\/wp\/v2\/users\/2"}],"replies":[{"embeddable":true,"href":"https:\/\/www.europesays.com\/pt\/wp-json\/wp\/v2\/comments?post=158964"}],"version-history":[{"count":0,"href":"https:\/\/www.europesays.com\/pt\/wp-json\/wp\/v2\/posts\/158964\/revisions"}],"wp:featuredmedia":[{"embeddable":true,"href":"https:\/\/www.europesays.com\/pt\/wp-json\/wp\/v2\/media\/158965"}],"wp:attachment":[{"href":"https:\/\/www.europesays.com\/pt\/wp-json\/wp\/v2\/media?parent=158964"}],"wp:term":[{"taxonomy":"category","embeddable":true,"href":"https:\/\/www.europesays.com\/pt\/wp-json\/wp\/v2\/categories?post=158964"},{"taxonomy":"post_tag","embeddable":true,"href":"https:\/\/www.europesays.com\/pt\/wp-json\/wp\/v2\/tags?post=158964"}],"curies":[{"name":"wp","href":"https:\/\/api.w.org\/{rel}","templated":true}]}}