{"id":158966,"date":"2025-11-20T15:48:10","date_gmt":"2025-11-20T15:48:10","guid":{"rendered":"https:\/\/www.europesays.com\/pt\/158966\/"},"modified":"2025-11-20T15:48:10","modified_gmt":"2025-11-20T15:48:10","slug":"a-discoteca-abandonada-com-tudo-dentro-em-torres-vedras-que-foi-palco-de-uma-tragedia-nit","status":"publish","type":"post","link":"https:\/\/www.europesays.com\/pt\/158966\/","title":{"rendered":"A discoteca abandonada com tudo dentro em Torres Vedras que foi palco de uma trag\u00e9dia \u2014 NiT"},"content":{"rendered":"<p>Na madrugada de 27 de julho de 1997, os disparos na discoteca Fara\u00f3, em Torres Vedras, provocaram o p\u00e2nico. Mais tarde, nesse dia, veio a descobrir-se que a confus\u00e3o, que ter\u00e1 sido provocada por um desentendimento entre dois grupos, tinha resultado na morte de dois jovens: Walter Bastos, filho do cantor angolano Waldemar Bastos, e Hugo Estrela.<\/p>\n<p>Apesar da trag\u00e9dia que marcou os restantes anos de uma das mais emblem\u00e1ticas discotecas da regi\u00e3o, o espa\u00e7o continuou a funcionar, mas h\u00e1 quem diga que nunca conseguiu recuperar o ambiente de outrora.<strong> Em 2013, fechou portas e apesar de ter reaberto algumas vezes nos anos seguintes, encerrou definitivamente em 2022.\u00a0<\/strong><\/p>\n<p>Hoje, o espa\u00e7o est\u00e1 em ru\u00ednas. No entanto, parece que foi deixado repentinamente \u2014 ainda h\u00e1 copos e garrafas abertas em cima das mesas. A fachada, por sua vez, est\u00e1 conservada, com exce\u00e7\u00e3o de alguns grafitis feitos nas paredes.<\/p>\n<p>Vasco Alves, um filmmaker de 23 anos que se dedica ao urbex (explora\u00e7\u00e3o urbana, em ingl\u00eas) visitou o espa\u00e7o em outubro e encontrou um cen\u00e1rio digno de filme. No in\u00edcio deste m\u00eas, partilhou um v\u00eddeo no Instagram que conseguiu, at\u00e9 aora, mais de 2,6 milh\u00f5es de visualiza\u00e7\u00f5es.\u00a0<\/p>\n<p><strong> \u201c\u00c0 chegada ach\u00e1mos muito engra\u00e7ado o tema eg\u00edpcio, com a pir\u00e2mide e os le\u00f5es fara\u00f3nicos \u00e0 entrada\u201d, come\u00e7a por contar \u00e0 NiT.<\/strong> \u201cApesar de as portas estarem todas seladas e soldadas, a entrada acabou por ser f\u00e1cil\u201d. Vasco e os amigos decidiram explorar a discoteca por ser um local \u201cbastante popular\u201d, tanto para os residentes da regi\u00e3o como para os exploradores de urbex.<\/p>\n<blockquote class=\"instagram-media\" style=\"background: #FFF; border: 0; border-radius: 3px; box-shadow: 0 0 1px 0 rgba(0,0,0,0.5),0 1px 10px 0 rgba(0,0,0,0.15); margin: 1px; max-width: 540px; min-width: 326px; padding: 0; width: calc(100% - 2px);\" data-instgrm-captioned=\"\" data-instgrm-permalink=\"https:\/\/www.instagram.com\/reel\/DQzlx3aCPZz\/?utm_source=ig_embed&amp;utm_campaign=loading\" data-instgrm-version=\"14\">\n<\/blockquote>\n<p>Nos anos em que esteve em funcionamento, a discoteca chegou a receber v\u00e1rios artistas nacionais e internacionais, sobretudo DJs que j\u00e1 tinham participado em grandes festivais, como o Tomorrowland, ou tocado em grandes festas em cidades como Dubai e Ibiza.\u00a0<\/p>\n<p>Agora, o espa\u00e7o est\u00e1 parado no tempo. <strong>\u201cHavia cadeiras viradas para uma mesa com garrafas e copos ainda com l\u00edquido, uma bola de espelhos pendurada e muita areia no ch\u00e3o, misturada com jarros partidos, tudo a combinar com o tema do Egito\u201d<\/strong>, aponta Vasco, natural de Cascais.\u00a0<\/p>\n<p>Em 2016, voltou a abrir no ver\u00e3o mas fechou pouco tempo depois. A \u00faltima reabertura aconteceu em abril 2022 e nesta altura, os pre\u00e7os chegavam aos 350\u20ac para quatro entradas, com tr\u00eas garrafas inclu\u00eddas e uma localiza\u00e7\u00e3o privilegiada: ao lado do DJ.<\/p>\n<p>Para quem preferisse ficar na pista de dan\u00e7a, o valor para entrar rondava os 10\u20ac por pessoa. A pr\u00f3pria discoteca disponibilizava um autocarro gratuito para os visitantes irem e virem do centro da cidade. O transporte funcionava entre a uma e as sete da manh\u00e3.<\/p>\n<p>O encerramento oficial da discoteca, que ter\u00e1 acontecido no ver\u00e3o de 2022, n\u00e3o chegou a ser comunicado pelo espa\u00e7o, que recorria \u00e0s redes sociais para partilhar as novidades. At\u00e9 \u00e0 data, n\u00e3o se sabe, ao certo, o que ter\u00e1 causado o fecho.<\/p>\n<p>\u201cGostei muito do espa\u00e7o e do conceito, dava para ver que devia ser uma discoteca incr\u00edvel na altura\u201d, frisa \u00e0 NiT o jovem. \u201cInfelizmente, pelo que eu sei, deixou de ser a mesma depois de um tiroteio que aconteceu l\u00e1 dentro.\u201d<\/p>\n<p>Leia tamb\u00e9m o <a href=\"https:\/\/www.nit.pt\/fora-de-casa\/viagens\/daniel-visitou-a-maior-discoteca-abandonada-da-galiza-fica-a-2-horas-de-portugal\" target=\"_blank\" rel=\"noopener nofollow\">artigo<\/a> da NiT sobre a \u201cmaior discoteca abandonada da Galiza.\u201d<\/p>\n<p>Carregue na galeria para ver algumas fotografias do espa\u00e7o abandonado em Torres Vedras.<\/p>\n<p>\t\t\t\t<script async src=\"\/\/www.instagram.com\/embed.js\"><\/script><\/p>\n","protected":false},"excerpt":{"rendered":"Na madrugada de 27 de julho de 1997, os disparos na discoteca Fara\u00f3, em Torres Vedras, provocaram o&hellip;\n","protected":false},"author":2,"featured_media":158967,"comment_status":"","ping_status":"","sticky":false,"template":"","format":"standard","meta":{"footnotes":""},"categories":[85],"tags":[114,115,32,33],"class_list":{"0":"post-158966","1":"post","2":"type-post","3":"status-publish","4":"format-standard","5":"has-post-thumbnail","7":"category-entretenimento","8":"tag-entertainment","9":"tag-entretenimento","10":"tag-portugal","11":"tag-pt"},"share_on_mastodon":{"url":"https:\/\/pubeurope.com\/@pt\/115582815651389577","error":""},"_links":{"self":[{"href":"https:\/\/www.europesays.com\/pt\/wp-json\/wp\/v2\/posts\/158966","targetHints":{"allow":["GET"]}}],"collection":[{"href":"https:\/\/www.europesays.com\/pt\/wp-json\/wp\/v2\/posts"}],"about":[{"href":"https:\/\/www.europesays.com\/pt\/wp-json\/wp\/v2\/types\/post"}],"author":[{"embeddable":true,"href":"https:\/\/www.europesays.com\/pt\/wp-json\/wp\/v2\/users\/2"}],"replies":[{"embeddable":true,"href":"https:\/\/www.europesays.com\/pt\/wp-json\/wp\/v2\/comments?post=158966"}],"version-history":[{"count":0,"href":"https:\/\/www.europesays.com\/pt\/wp-json\/wp\/v2\/posts\/158966\/revisions"}],"wp:featuredmedia":[{"embeddable":true,"href":"https:\/\/www.europesays.com\/pt\/wp-json\/wp\/v2\/media\/158967"}],"wp:attachment":[{"href":"https:\/\/www.europesays.com\/pt\/wp-json\/wp\/v2\/media?parent=158966"}],"wp:term":[{"taxonomy":"category","embeddable":true,"href":"https:\/\/www.europesays.com\/pt\/wp-json\/wp\/v2\/categories?post=158966"},{"taxonomy":"post_tag","embeddable":true,"href":"https:\/\/www.europesays.com\/pt\/wp-json\/wp\/v2\/tags?post=158966"}],"curies":[{"name":"wp","href":"https:\/\/api.w.org\/{rel}","templated":true}]}}