{"id":158970,"date":"2025-11-20T15:55:08","date_gmt":"2025-11-20T15:55:08","guid":{"rendered":"https:\/\/www.europesays.com\/pt\/158970\/"},"modified":"2025-11-20T15:55:08","modified_gmt":"2025-11-20T15:55:08","slug":"funcao-publica-em-greve-na-sexta-feira-com-saude-e-educacao-entre-os-mais-afetados","status":"publish","type":"post","link":"https:\/\/www.europesays.com\/pt\/158970\/","title":{"rendered":"Fun\u00e7\u00e3o p\u00fablica em greve na sexta-feira com sa\u00fade e educa\u00e7\u00e3o entre os mais afetados"},"content":{"rendered":"<p>&#13;<br \/>\nA greve, convocada pela Federa\u00e7\u00e3o Nacional de Sindicatos Independentes da Administra\u00e7\u00e3o P\u00fablica e de Entidades com Fins P\u00fablicos (Fesinap), que tem servi\u00e7os m\u00ednimos, abrange os trabalhadores de todas as carreiras da Administra\u00e7\u00e3o P\u00fablica sejam gerais ou especiais.&#13;\n<\/p>\n<p>&#13;<br \/>\nA retirada imediata da proposta de reforma laboral, pedir uma reuni\u00e3o urgente com o Governo sobre a reforma &#8220;Trabalho XXI&#8221;, o fim da discrimina\u00e7\u00e3o sindical praticada pelo executivo e participa\u00e7\u00e3o efetiva da Fesinap nas negocia\u00e7\u00f5es laborais s\u00e3o os motivos da greve.&#13;\n<\/p>\n<p>&#13;<br \/>\nEm declara\u00e7\u00f5es \u00e0 ag\u00eancia Lusa, o secret\u00e1rio-geral da Fesinap disse que a educa\u00e7\u00e3o, incluindo professores e pessoal n\u00e3o docente, e a sa\u00fade, incluindo m\u00e9dicos e enfermeiros &#8220;poder\u00e3o ser os setores mais afetados na sequ\u00eancia da paralisa\u00e7\u00e3o&#8221;.&#13;\n<\/p>\n<p>&#13;<br \/>\n&#8220;A greve vem no seguimento do pacote laboral apresentado pelo Governo aos sindicatos. Em nosso entender, este pacote traz um retrocesso de mais de 20 anos na legisla\u00e7\u00e3o laboral, um atraso ao trabalhador e \u00e0s gera\u00e7\u00f5es futuras, ou seja, traz muita inconsist\u00eancia, muita d\u00favida, tudo o que ser\u00e1 de mau que vem para o mercado de trabalho&#8221;, indicou M\u00e1rio Rui \u00e0 ag\u00eancia Lusa.&#13;\n<\/p>\n<p>&#13;<br \/>\nSegundo o secret\u00e1rio-geral da Fesinap, com esta reforma os trabalhadores portugueses ficar\u00e3o ainda mais empobrecidos relativamente aos colegas europeus.&#13;\n<\/p>\n<p>&#13;<br \/>\n&#8220;Por isso, a administra\u00e7\u00e3o p\u00fablica vai estar em greve amanh\u00e3 [sexta-feira]. Prevemos um grande constrangimento praticamente em todos os setores. Nas escolas, tribunais, hospitais, servi\u00e7os da Seguran\u00e7a Social, etc. Vai ser um sinal forte para o dia 11 de dezembro, dia de greve geral, e dia 12, porque a Fesinap vai apresentar um pr\u00e9-aviso de greve tamb\u00e9m para o dia 12 de dezembro&#8221;, disse.&#13;\n<\/p>\n<p>&#13;<br \/>\nO sindicalista destacou que foram decretados servi\u00e7os m\u00ednimos para todas as institui\u00e7\u00f5es p\u00fablicas.&#13;\n<\/p>\n<p>&#13;<br \/>\nM\u00e1rio Rui adiantou tamb\u00e9m que a greve visa igualmente denunciar a discrimina\u00e7\u00e3o sindical praticada pelos consecutivos governos.&#13;\n<\/p>\n<p>&#13;<br \/>\n&#8220;Representamos milhares de trabalhadores que n\u00e3o se reveem nas estruturas sindicais que regularmente se re\u00fane como Governo, falo da UGT e CGTP. (&#8230;) H\u00e1 anos que tentamos dialogar com o Governo, mas este tem primado em dialogar sempre com as centrais sindicais&#8221;, disse.&#13;\n<\/p>\n<p>&#13;<br \/>\nPara o secret\u00e1rio-geral da Fesinap, esta postura por parte do Executivo \u00e9 &#8220;antidemocr\u00e1tica e incompreens\u00edvel&#8221;.&#13;\n<\/p>\n<p>&#13;<br \/>\n&#8220;Se esta posi\u00e7\u00e3o por parte do Governo se mantiver, os trabalhadores v\u00e3o sair \u00e0s ruas para reivindicarem os seus direitos e os direitos das suas fam\u00edlias. O Governo tem de olhar para a Fesinap de outra forma, temos milhares de trabalhadores associados&#8221;, real\u00e7ou.&#13;<\/p>\n","protected":false},"excerpt":{"rendered":"&#13; A greve, convocada pela Federa\u00e7\u00e3o Nacional de Sindicatos Independentes da Administra\u00e7\u00e3o P\u00fablica e de Entidades com Fins&hellip;\n","protected":false},"author":2,"featured_media":158971,"comment_status":"","ping_status":"","sticky":false,"template":"","format":"standard","meta":{"footnotes":""},"categories":[8],"tags":[27,28,15,16,28453,14,25,26,21,22,12,13,19,20,32,23,24,33,17,18,31790,29,30,31],"class_list":{"0":"post-158970","1":"post","2":"type-post","3":"status-publish","4":"format-standard","5":"has-post-thumbnail","7":"category-principais-noticias","8":"tag-breaking-news","9":"tag-breakingnews","10":"tag-featured-news","11":"tag-featurednews","12":"tag-fins","13":"tag-headlines","14":"tag-latest-news","15":"tag-latestnews","16":"tag-main-news","17":"tag-mainnews","18":"tag-news","19":"tag-noticias","20":"tag-noticias-principais","21":"tag-noticiasprincipais","22":"tag-portugal","23":"tag-principais-noticias","24":"tag-principaisnoticias","25":"tag-pt","26":"tag-top-stories","27":"tag-topstories","28":"tag-ugt","29":"tag-ultimas","30":"tag-ultimas-noticias","31":"tag-ultimasnoticias"},"share_on_mastodon":{"url":"https:\/\/pubeurope.com\/@pt\/115582843482327473","error":""},"_links":{"self":[{"href":"https:\/\/www.europesays.com\/pt\/wp-json\/wp\/v2\/posts\/158970","targetHints":{"allow":["GET"]}}],"collection":[{"href":"https:\/\/www.europesays.com\/pt\/wp-json\/wp\/v2\/posts"}],"about":[{"href":"https:\/\/www.europesays.com\/pt\/wp-json\/wp\/v2\/types\/post"}],"author":[{"embeddable":true,"href":"https:\/\/www.europesays.com\/pt\/wp-json\/wp\/v2\/users\/2"}],"replies":[{"embeddable":true,"href":"https:\/\/www.europesays.com\/pt\/wp-json\/wp\/v2\/comments?post=158970"}],"version-history":[{"count":0,"href":"https:\/\/www.europesays.com\/pt\/wp-json\/wp\/v2\/posts\/158970\/revisions"}],"wp:featuredmedia":[{"embeddable":true,"href":"https:\/\/www.europesays.com\/pt\/wp-json\/wp\/v2\/media\/158971"}],"wp:attachment":[{"href":"https:\/\/www.europesays.com\/pt\/wp-json\/wp\/v2\/media?parent=158970"}],"wp:term":[{"taxonomy":"category","embeddable":true,"href":"https:\/\/www.europesays.com\/pt\/wp-json\/wp\/v2\/categories?post=158970"},{"taxonomy":"post_tag","embeddable":true,"href":"https:\/\/www.europesays.com\/pt\/wp-json\/wp\/v2\/tags?post=158970"}],"curies":[{"name":"wp","href":"https:\/\/api.w.org\/{rel}","templated":true}]}}