{"id":158974,"date":"2025-11-20T16:01:12","date_gmt":"2025-11-20T16:01:12","guid":{"rendered":"https:\/\/www.europesays.com\/pt\/158974\/"},"modified":"2025-11-20T16:01:12","modified_gmt":"2025-11-20T16:01:12","slug":"o-filme-de-ficcao-cientifica-mais-esperado-de-2026-ganha-novo-trailer","status":"publish","type":"post","link":"https:\/\/www.europesays.com\/pt\/158974\/","title":{"rendered":"O filme de fic\u00e7\u00e3o cient\u00edfica mais esperado de 2026 ganha novo trailer"},"content":{"rendered":"<p>A Amazon MGM lan\u00e7ou o segundo trailer de Project Hail Mary. Desta vez, vemos Ryan Gosling no papel de Ryland Grace, um professor de ci\u00eancias que acorda sozinho numa nave espacial sem qualquer mem\u00f3ria. A tua miss\u00e3o? Evitar uma cat\u00e1strofe c\u00f3smica que amea\u00e7a a Terra.<\/p>\n<p>Mas o que realmente d\u00e1 ao trailer o seu peso \u00e9 a parceria improv\u00e1vel que se forma: Grace acaba por colaborar com um extraterrestre superinteligente chamado Rocky, que tamb\u00e9m est\u00e1 a tentar salvar o seu planeta. A rela\u00e7\u00e3o entre os dois est\u00e1 no centro da hist\u00f3ria, n\u00e3o se trata apenas de salvar as estrelas, h\u00e1 sentimentos, empatia e muita ci\u00eancia envolvida.<\/p>\n<p>Atr\u00e1s da c\u00e2mara est\u00e3o Phil Lord e Christopher Miller, os mesmos realizadores de Spider-Verse, com um gui\u00e3o de Drew Goddard (que anteriormente adaptou The Martian).<\/p>\n<p>Project Hail Mary \u00e9 um dos filmes de fic\u00e7\u00e3o cient\u00edfica mais esperado de 2026, e tem estreia marcada para 20 de mar\u00e7o de 2026 nos cinemas em Portugal.<\/p>\n","protected":false},"excerpt":{"rendered":"A Amazon MGM lan\u00e7ou o segundo trailer de Project Hail Mary. Desta vez, vemos Ryan Gosling no papel&hellip;\n","protected":false},"author":2,"featured_media":158975,"comment_status":"","ping_status":"","sticky":false,"template":"","format":"standard","meta":{"footnotes":""},"categories":[140],"tags":[114,115,147,148,146,32,33],"class_list":{"0":"post-158974","1":"post","2":"type-post","3":"status-publish","4":"format-standard","5":"has-post-thumbnail","7":"category-filmes","8":"tag-entertainment","9":"tag-entretenimento","10":"tag-film","11":"tag-filmes","12":"tag-movies","13":"tag-portugal","14":"tag-pt"},"share_on_mastodon":{"url":"https:\/\/pubeurope.com\/@pt\/115582866938028728","error":""},"_links":{"self":[{"href":"https:\/\/www.europesays.com\/pt\/wp-json\/wp\/v2\/posts\/158974","targetHints":{"allow":["GET"]}}],"collection":[{"href":"https:\/\/www.europesays.com\/pt\/wp-json\/wp\/v2\/posts"}],"about":[{"href":"https:\/\/www.europesays.com\/pt\/wp-json\/wp\/v2\/types\/post"}],"author":[{"embeddable":true,"href":"https:\/\/www.europesays.com\/pt\/wp-json\/wp\/v2\/users\/2"}],"replies":[{"embeddable":true,"href":"https:\/\/www.europesays.com\/pt\/wp-json\/wp\/v2\/comments?post=158974"}],"version-history":[{"count":0,"href":"https:\/\/www.europesays.com\/pt\/wp-json\/wp\/v2\/posts\/158974\/revisions"}],"wp:featuredmedia":[{"embeddable":true,"href":"https:\/\/www.europesays.com\/pt\/wp-json\/wp\/v2\/media\/158975"}],"wp:attachment":[{"href":"https:\/\/www.europesays.com\/pt\/wp-json\/wp\/v2\/media?parent=158974"}],"wp:term":[{"taxonomy":"category","embeddable":true,"href":"https:\/\/www.europesays.com\/pt\/wp-json\/wp\/v2\/categories?post=158974"},{"taxonomy":"post_tag","embeddable":true,"href":"https:\/\/www.europesays.com\/pt\/wp-json\/wp\/v2\/tags?post=158974"}],"curies":[{"name":"wp","href":"https:\/\/api.w.org\/{rel}","templated":true}]}}