{"id":158976,"date":"2025-11-20T16:02:08","date_gmt":"2025-11-20T16:02:08","guid":{"rendered":"https:\/\/www.europesays.com\/pt\/158976\/"},"modified":"2025-11-20T16:02:08","modified_gmt":"2025-11-20T16:02:08","slug":"mourinho-fala-sobre-rafa-e-acaba-por-se-engasgar-a-aletria-estava-fantastica-maisfutebol","status":"publish","type":"post","link":"https:\/\/www.europesays.com\/pt\/158976\/","title":{"rendered":"Mourinho fala sobre Rafa e acaba por se engasgar: \u00abA aletria estava fant\u00e1stica\u00bb &#8211; Maisfutebol"},"content":{"rendered":"<ol>\n<li><a href=\"https:\/\/news.google.com\/rss\/articles\/CBMi0AFBVV95cUxNTkptQ2owRmUybXBiX1lEejM5dUpRN04zLXV3MV9qcmxJX2FhVVBYbjR2UEdGN0MyRTRLUVJlelIyTUloQWsyWjFBV1piMXBWaThWNmF5ZUsxV3VWTE1KV20xMW9TclhidGJ4OF9yVzRDZ21CaTB5SkVLUXJJWHZaV3BaREtiUHRhVzRVOG5ra3Fzd21Cd0FCeTQxT3h2Z05IYjBGalJ1TkNMdGFiQ1lZLUNvLXpNcngxcDBfRVVwekkwZHFSX0Q2NXMwUmRLZk4w?oc=5\" target=\"_blank\" rel=\"nofollow noopener\">Mourinho fala sobre Rafa e acaba por se engasgar: \u00abA aletria estava fant\u00e1stica\u00bb<\/a>&nbsp;&nbsp;Maisfutebol<\/li>\n<li><a href=\"https:\/\/news.google.com\/rss\/articles\/CBMiwwFBVV95cUxQdjdmNUMyLXJ1akRLN3FIY0ljN3k2aUxfZlRhSWFObTRIMmtVQU5SaEtBSldneTFUcDMycURrbVFlUmNlYjUyNGFuVXpVcHZIN2pobWwwVHBncHNoYURtSlh3WDRCZ294UXJLWmtvUWdoZlljaWdWakhmaENtWlJac1UzQkVtaERkZUpRQnVRWXFCZVo1bmFORXQzNkhPQk1aSVY1VnJaaEFpaGRMUW16VEZLMFhCRmZVWkxsa0hmdHp4UWM?oc=5\" target=\"_blank\" rel=\"nofollow noopener\">\u00abLubebakio? O \u00fanico mercado aberto amanh\u00e3 \u00e9 do Livramento, em Set\u00fabal\u00bb<\/a>&nbsp;&nbsp;Maisfutebol<\/li>\n<li><a href=\"https:\/\/news.google.com\/rss\/articles\/CBMilgFBVV95cUxNTmpEQlZ6NTg0c0VZeWNUTnU3LWk4UnY3NmYyQkFGR1NZTmZkSzJMQWZqQjRvWG1INVE3SXlUSmZhWFFBc0xsMVA5eGRwTnV0TFF2UFNfOUZGTkwxNjVFekdWbVB2YzVEczctMGhzUnAxcDhtNXV3RG1YZFBLaEZqdFI0TVVQVXBrOVVSaXNBVFJQWm9JRGc?oc=5\" target=\"_blank\" rel=\"nofollow noopener\">Mourinho antev\u00ea jogo com Atl\u00e9tico CP e comenta les\u00e3o de Lukebakio<\/a>&nbsp;&nbsp;Golo FM<\/li>\n<li><a href=\"https:\/\/news.google.com\/rss\/articles\/CBMiwgFBVV95cUxOXy1YSkRmNnp5WEhzS1R5dDZiTHZMbGJHMzRaakNYVFhxc0tENWU0dWIzUTFld1U4eHB1NFRMSXk1SWFxTGpIeF9aMDBWUlowaEltNU1xLXNNNkhZVGhIZlpIRmFMSkt6NkUwcU1DNWVyTXJlbXBMSzBScUhyeUhHdTY4V3FUZmgzSG5taTNYMk1naHVwTlZnWU8zZ0xDUlpfcEZkUUM1NXhBVjcyTVdqbnhrMC02Zk9yTTE3UUItUVlTQQ?oc=5\" target=\"_blank\" rel=\"nofollow noopener\">Mourinho: o tempo diferente no Benfica, a les\u00e3o de Sudakov e a frescura da equipa<\/a>&nbsp;&nbsp;O Jogo<\/li>\n<li><a href=\"https:\/\/news.google.com\/rss\/articles\/CBMipgFBVV95cUxQQnFjTGJZZVY2bkJsVWNCdTR0b0Z6WmNibUJDQTBhQl9LNWZUaFhfdlV3Zm94LTZ2NUhkRUljMjFFZExKTWl0SEhGS1Jua3FNX3FYdG1VR3AtcDY4S083ejE1NUU1ZVJXN3pubHB0c1RNcHZZVlo0bEtOYk51N2MxaFRwbkd6VXZfVHRLNTlQNjQ5WUotTWJzMWNKOHVDdFBBMDFsQVhR0gGrAUFVX3lxTE5JSzZva21zcjJNMUFuYkJVeGVSdVYwRXZGbWNrbDF6T096aUhhYk5UUnc1cHJZekhmRVJoX3BhUnlSc0pscU1FNF9hOXludkVoY2xLdWZDd2pLVU9xakNHdGEtTDVWWFB4UkNqRkNmcnE1OFdJS3BVYXJtTU9Wd1Bia09sM3FOUUhLQWo0eTFyT2k2TlhySTkyRHYwVkhMQVlxVmpVS1pIWnZVVQ?oc=5\" target=\"_blank\" rel=\"nofollow noopener\">Jos\u00e9 Mourinho: \u201c\u00c9 melhor acabarmos com o VAR\u201d<\/a>&nbsp;&nbsp;Renascen\u00e7a<\/li>\n<\/ol>\n","protected":false},"excerpt":{"rendered":"Mourinho fala sobre Rafa e acaba por se engasgar: \u00abA aletria estava fant\u00e1stica\u00bb&nbsp;&nbsp;Maisfutebol \u00abLubebakio? O \u00fanico mercado aberto&hellip;\n","protected":false},"author":2,"featured_media":158977,"comment_status":"","ping_status":"","sticky":false,"template":"","format":"standard","meta":{"footnotes":""},"categories":[87],"tags":[51,135,46,41,32,33,47,21749,134],"class_list":{"0":"post-158976","1":"post","2":"type-post","3":"status-publish","4":"format-standard","5":"has-post-thumbnail","7":"category-desporto","8":"tag-benfica","9":"tag-desporto","10":"tag-maisfutebol","11":"tag-mercado-de-transferencias","12":"tag-portugal","13":"tag-pt","14":"tag-pura-paixao","15":"tag-rafa-silva","16":"tag-sports"},"share_on_mastodon":{"url":"https:\/\/pubeurope.com\/@pt\/115582870717646056","error":""},"_links":{"self":[{"href":"https:\/\/www.europesays.com\/pt\/wp-json\/wp\/v2\/posts\/158976","targetHints":{"allow":["GET"]}}],"collection":[{"href":"https:\/\/www.europesays.com\/pt\/wp-json\/wp\/v2\/posts"}],"about":[{"href":"https:\/\/www.europesays.com\/pt\/wp-json\/wp\/v2\/types\/post"}],"author":[{"embeddable":true,"href":"https:\/\/www.europesays.com\/pt\/wp-json\/wp\/v2\/users\/2"}],"replies":[{"embeddable":true,"href":"https:\/\/www.europesays.com\/pt\/wp-json\/wp\/v2\/comments?post=158976"}],"version-history":[{"count":0,"href":"https:\/\/www.europesays.com\/pt\/wp-json\/wp\/v2\/posts\/158976\/revisions"}],"wp:featuredmedia":[{"embeddable":true,"href":"https:\/\/www.europesays.com\/pt\/wp-json\/wp\/v2\/media\/158977"}],"wp:attachment":[{"href":"https:\/\/www.europesays.com\/pt\/wp-json\/wp\/v2\/media?parent=158976"}],"wp:term":[{"taxonomy":"category","embeddable":true,"href":"https:\/\/www.europesays.com\/pt\/wp-json\/wp\/v2\/categories?post=158976"},{"taxonomy":"post_tag","embeddable":true,"href":"https:\/\/www.europesays.com\/pt\/wp-json\/wp\/v2\/tags?post=158976"}],"curies":[{"name":"wp","href":"https:\/\/api.w.org\/{rel}","templated":true}]}}