{"id":158978,"date":"2025-11-20T16:04:21","date_gmt":"2025-11-20T16:04:21","guid":{"rendered":"https:\/\/www.europesays.com\/pt\/158978\/"},"modified":"2025-11-20T16:04:21","modified_gmt":"2025-11-20T16:04:21","slug":"sete-cores-de-unhas-que-vao-estar-em-alta-no-inverno-uma-e-inesperada-2","status":"publish","type":"post","link":"https:\/\/www.europesays.com\/pt\/158978\/","title":{"rendered":"Sete cores de unhas que v\u00e3o estar em alta no inverno (uma \u00e9 inesperada)"},"content":{"rendered":"<p>O inverno est\u00e1 a\u00ed \u00e0 porta e com ele vem novas tend\u00eancias de manicura. No que a isto diz respeito destacamos sete cores que v\u00e3o estar na moda nos dias mais frios &#8211; sendo que uma \u00e9 surpreendente pela forma como marca a diferen\u00e7a.\u00a0<\/p>\n<p>1 &#8211; Branco leitoso<\/p>\n<p>Sendo um tom cl\u00e1ssico, o branco leitoso \u00e9 um dos preferidos das mulheres pela sua versatilidade e discri\u00e7\u00e3o. Apesar de ser associado \u00e0s esta\u00e7\u00f5es mais quentes, este poder\u00e1 ser usado nos dias frios.\u00a0<\/p>\n<p>&#8220;Iluminam as m\u00e3os, combinam com qualquer roupa de inverno e ficam lindos nas fotografias&#8221;,notou Karlene Dunkley, especialista em manicura. Para Dunkley, este tom faz com que as unhas &#8220;pare\u00e7am limpas, alongadas e sofisticadas&#8221;.<\/p>\n<p>2 &#8211; Tons escuros de uva\/ameixa<\/p>\n<p>Tons escuros e marcantes s\u00e3o um must have no inverno. Este ano poder\u00e1 apostar em tons de ameixa ou uva profundo, mas sem serem demasiado negros. \u00c0 boleia poder\u00e1 escolher igualmente os bord\u00f4s mais escuros.\u00a0<\/p>\n<p>3 &#8211; Castanho chocolate<\/p>\n<p>Sem d\u00favida que uma das cores mais populares do ano de manicura foi o castanho. Tons terrosos real\u00e7am a beleza da m\u00e3o e combinam muito bem com neutros de inverno, como bege ou camel.\u00a0<\/p>\n<p>O ideal ser\u00e1 escolher um tom de caf\u00e9 que associe a algo de inverno, como um ch\u00e1vena de caf\u00e9 ou chocolate quente.<\/p>\n<p>4 &#8211; Vermelho &#8220;jelly&#8221;<\/p>\n<p>Se quer inovar na sua manicura e ir para al\u00e9m do tradicional vermelho, ent\u00e3o poder\u00e1 apostar nas cores &#8220;jelly&#8221;. Estas destacam-se pelo seu lado transl\u00facido, que faz lembrar geleias.<\/p>\n<p>5 &#8211; Verde azeitona<\/p>\n<p>\u00c9 dif\u00edcil resistir ao lado rom\u00e2ntico, mas ao mesmo tempo marcante, do verde azeitona. Se considera demasiado ousado, pense duas vezes. \u00c9 a cor ideal para o Natal e uma op\u00e7\u00e3o sofisticada para o dia a dia.\u00a0<\/p>\n<p>6 &#8211; Champanhe<\/p>\n<p>Se h\u00e1 cor perfeita para as festividades de final de ano \u00e9 champanhe. Para al\u00e9m dar um toque especial \u00e0 manicura \u00e9 discreto e combina com qualquer visual.\u00a0<\/p>\n<p>7 &#8211; Azul el\u00e9trico<\/p>\n<p>Quem disse que o inverno precisa de ser escuro e melanc\u00f3lico? Uma das cores que estar\u00e1 em alta ser\u00e1 um azul el\u00e9trico, que d\u00e1 um toque de cor e extravag\u00e2ncia a qualquer visual.\u00a0<\/p>\n<p>&#8220;Um azul vibrante e intenso traz aquela energia fresca e revigorante do inverno&#8221;, real\u00e7ou a especialista Meaga Swartwood.<\/p>\n<p>Esta \u00e9 uma cor surpreendente e pouco associada aos dias mais frias. Contudo, revela Swartwood, conjuga na perfei\u00e7\u00e3o com joias prateadas e roupas de tricot.\u00a0 <\/p>\n<p>                                                    <img decoding=\"async\" src=\"https:\/\/www.europesays.com\/pt\/wp-content\/uploads\/2025\/10\/naom_68f5f7100c49f.jpg\" border=\"0\" alt=\"Unhas. 12 cores que est\u00e3o na moda neste outono (inspiradas na natureza)\"\/><\/p>\n<p>Se no ver\u00e3o as unhas &#8216;clean&#8217;, isto \u00e9, com tons muitos discretos e quase impercet\u00edveis foram a grande tend\u00eancia, este outono as cores mais intensas &#8211; inspiradas na natureza &#8211; voltam a estar na moda.<\/p>\n<p>                                                     Mariline Direito Rodrigues | 11:45 &#8211; 20\/10\/2025 <\/p>\n","protected":false},"excerpt":{"rendered":"O inverno est\u00e1 a\u00ed \u00e0 porta e com ele vem novas tend\u00eancias de manicura. No que a isto&hellip;\n","protected":false},"author":2,"featured_media":158979,"comment_status":"","ping_status":"","sticky":false,"template":"","format":"standard","meta":{"footnotes":""},"categories":[85],"tags":[114,115,32,33],"class_list":{"0":"post-158978","1":"post","2":"type-post","3":"status-publish","4":"format-standard","5":"has-post-thumbnail","7":"category-entretenimento","8":"tag-entertainment","9":"tag-entretenimento","10":"tag-portugal","11":"tag-pt"},"share_on_mastodon":{"url":"https:\/\/pubeurope.com\/@pt\/115582878775061961","error":""},"_links":{"self":[{"href":"https:\/\/www.europesays.com\/pt\/wp-json\/wp\/v2\/posts\/158978","targetHints":{"allow":["GET"]}}],"collection":[{"href":"https:\/\/www.europesays.com\/pt\/wp-json\/wp\/v2\/posts"}],"about":[{"href":"https:\/\/www.europesays.com\/pt\/wp-json\/wp\/v2\/types\/post"}],"author":[{"embeddable":true,"href":"https:\/\/www.europesays.com\/pt\/wp-json\/wp\/v2\/users\/2"}],"replies":[{"embeddable":true,"href":"https:\/\/www.europesays.com\/pt\/wp-json\/wp\/v2\/comments?post=158978"}],"version-history":[{"count":0,"href":"https:\/\/www.europesays.com\/pt\/wp-json\/wp\/v2\/posts\/158978\/revisions"}],"wp:featuredmedia":[{"embeddable":true,"href":"https:\/\/www.europesays.com\/pt\/wp-json\/wp\/v2\/media\/158979"}],"wp:attachment":[{"href":"https:\/\/www.europesays.com\/pt\/wp-json\/wp\/v2\/media?parent=158978"}],"wp:term":[{"taxonomy":"category","embeddable":true,"href":"https:\/\/www.europesays.com\/pt\/wp-json\/wp\/v2\/categories?post=158978"},{"taxonomy":"post_tag","embeddable":true,"href":"https:\/\/www.europesays.com\/pt\/wp-json\/wp\/v2\/tags?post=158978"}],"curies":[{"name":"wp","href":"https:\/\/api.w.org\/{rel}","templated":true}]}}