{"id":158988,"date":"2025-11-20T16:21:11","date_gmt":"2025-11-20T16:21:11","guid":{"rendered":"https:\/\/www.europesays.com\/pt\/158988\/"},"modified":"2025-11-20T16:21:11","modified_gmt":"2025-11-20T16:21:11","slug":"a-despesa-com-o-sns-subiu-desde-2015-cerca-de-72-poligrafo","status":"publish","type":"post","link":"https:\/\/www.europesays.com\/pt\/158988\/","title":{"rendered":"\u201cA despesa com o SNS subiu, desde 2015, cerca de 72%\u201d \u2013 Pol\u00edgrafo"},"content":{"rendered":"<p>Esta quarta-feira (19 de novembro), no programa <a href=\"https:\/\/sicnoticias.pt\/programas\/linhas-direitas\" rel=\"nofollow noopener\" target=\"_blank\">\u201cLinhas Direitas\u201d<\/a> transmitido pela SIC Not\u00edcias, o deputado liberal Carlos Guimar\u00e3es Pinto afirmou que desde 2015 \u00a0\u201ca despesa com o SNS subiu cerca de 72%. Mesmo ajustando com a infla\u00e7\u00e3o \u00e9 uma subida \u00e0 volta de 45%\u201d.<\/p>\n<p>Ser\u00e1 verdade?<\/p>\n<p>Questionado pelo Pol\u00edgrafo, Carlos Guimar\u00e3es Pinto identificou como fonte um <a href=\"https:\/\/cip.org.pt\/wp-content\/uploads\/2025\/10\/Apresentac%C2%B8ao-Conferencia-01.10.2025.pdf\" rel=\"nofollow noopener\" target=\"_blank\">estudo<\/a> realizado pelo ISEG \u2013 Universidade de Lisboa, a pedido da CIP \u2013 Confedera\u00e7\u00e3o Empresarial de Portugal. De acordo com o documento, intitulado \u201cAumento da despesa no SNS \u2013 An\u00e1lise de uma d\u00e9cada de despesa p\u00fablica\u201d, entre 2015 e 2024 a despesa do SNS <strong>aumentou 72,3%<\/strong> em termos nominais. Arredondando \u00e0s unidades, os 72% indicados pelo liberal.<\/p>\n<p>O estudo indica ainda que este aumento corresponde a uma <strong>crescimento real de despesa na ordem dos 44,7%<\/strong> (ou 45%, arredondando).<\/p>\n<p>Confirma-se, portanto, que a afirma\u00e7\u00e3o de Carlos Guimar\u00e3es Pinto \u00e9 <strong>verdadeira<\/strong>.<\/p>\n<p>__________________________<\/p>\n<p><strong>Avalia\u00e7\u00e3o do Pol\u00edgrafo:<\/strong><\/p>\n","protected":false},"excerpt":{"rendered":"Esta quarta-feira (19 de novembro), no programa \u201cLinhas Direitas\u201d transmitido pela SIC Not\u00edcias, o deputado liberal Carlos Guimar\u00e3es&hellip;\n","protected":false},"author":2,"featured_media":158989,"comment_status":"","ping_status":"","sticky":false,"template":"","format":"standard","meta":{"footnotes":""},"categories":[50],"tags":[27,28,15,16,14,25,26,21,22,62,12,13,19,20,23,24,17,18,29,30,31,63,64,65],"class_list":{"0":"post-158988","1":"post","2":"type-post","3":"status-publish","4":"format-standard","5":"has-post-thumbnail","7":"category-mundo","8":"tag-breaking-news","9":"tag-breakingnews","10":"tag-featured-news","11":"tag-featurednews","12":"tag-headlines","13":"tag-latest-news","14":"tag-latestnews","15":"tag-main-news","16":"tag-mainnews","17":"tag-mundo","18":"tag-news","19":"tag-noticias","20":"tag-noticias-principais","21":"tag-noticiasprincipais","22":"tag-principais-noticias","23":"tag-principaisnoticias","24":"tag-top-stories","25":"tag-topstories","26":"tag-ultimas","27":"tag-ultimas-noticias","28":"tag-ultimasnoticias","29":"tag-world","30":"tag-world-news","31":"tag-worldnews"},"share_on_mastodon":{"url":"https:\/\/pubeurope.com\/@pt\/115582945391780210","error":""},"_links":{"self":[{"href":"https:\/\/www.europesays.com\/pt\/wp-json\/wp\/v2\/posts\/158988","targetHints":{"allow":["GET"]}}],"collection":[{"href":"https:\/\/www.europesays.com\/pt\/wp-json\/wp\/v2\/posts"}],"about":[{"href":"https:\/\/www.europesays.com\/pt\/wp-json\/wp\/v2\/types\/post"}],"author":[{"embeddable":true,"href":"https:\/\/www.europesays.com\/pt\/wp-json\/wp\/v2\/users\/2"}],"replies":[{"embeddable":true,"href":"https:\/\/www.europesays.com\/pt\/wp-json\/wp\/v2\/comments?post=158988"}],"version-history":[{"count":0,"href":"https:\/\/www.europesays.com\/pt\/wp-json\/wp\/v2\/posts\/158988\/revisions"}],"wp:featuredmedia":[{"embeddable":true,"href":"https:\/\/www.europesays.com\/pt\/wp-json\/wp\/v2\/media\/158989"}],"wp:attachment":[{"href":"https:\/\/www.europesays.com\/pt\/wp-json\/wp\/v2\/media?parent=158988"}],"wp:term":[{"taxonomy":"category","embeddable":true,"href":"https:\/\/www.europesays.com\/pt\/wp-json\/wp\/v2\/categories?post=158988"},{"taxonomy":"post_tag","embeddable":true,"href":"https:\/\/www.europesays.com\/pt\/wp-json\/wp\/v2\/tags?post=158988"}],"curies":[{"name":"wp","href":"https:\/\/api.w.org\/{rel}","templated":true}]}}